{"id":104963,"date":"2024-08-14T09:00:00","date_gmt":"2024-08-14T07:00:00","guid":{"rendered":"https:\/\/trzynasty.pl\/?p=104963"},"modified":"2024-08-14T10:41:07","modified_gmt":"2024-08-14T08:41:07","slug":"wydarzenie-ulanskiej-siodemki","status":"publish","type":"post","link":"https:\/\/trzynasty.pl\/index.php\/2024\/08\/14\/wydarzenie-ulanskiej-siodemki\/","title":{"rendered":"PIERWSI W DRODZE DO NIEPODLEG\u0141EJ &#8211; MODLIBORZYCE 2024"},"content":{"rendered":"<p>[vc_row][vc_column][vc_column_text uncode_shortcode_id=&#8221;105404&#8243;]Kielecki Ochotniczy Szwadron Kawalerii im. 13. Pu\u0142ku U\u0142an\u00f3w Wile\u0144skich wraz ze Starostwem Powiatowym w Opatowie, Urz\u0119dem Gminy Ba\u0107kowice oraz Parafi\u0105 pw. \u015bw. Benedykta Stanis\u0142awa w Modliborzycach, zapraszaj\u0105 mieszka\u0144c\u00f3w wojew\u00f3dztwa \u015bwi\u0119tokrzyskiego oraz turyst\u00f3w na niecodzienne wydarzenie patriotyczno religijne pn. PIERWSI W DRODZE DO NIEPODLEG\u0141EJ. Planowane wydarzenie odb\u0119dzie si\u0119 w dniu 18.08.2024 r. w miejscowo\u015bci Modliborzyce gmina Ba\u0107kowice w miejscu spoczynku \u015bp. pp\u0142k Antoniego Jab\u0142o\u0144skiego najm\u0142odszego \u017co\u0142nierza Si\u00f3demki Beliny Pra\u017cmowskiego<\/p>\n<p>Tematem przewodnim wydarzenia jest temat cz\u0142onk\u00f3w \u201eU\u0142a\u0144skiej Si\u00f3demki\u201d, pod dow\u00f3dztwem pu\u0142kownika W\u0142adys\u0142awa \u201eBeliny\u201d Pra\u017cmowskiego, kt\u00f3ra jako pierwszy oddzia\u0142 wojskowy, nosz\u0105cy polskie znaki rozpoznawcze przekroczy\u0142 w 1914 r. granic\u0119 Kr\u00f3lestwa Polskiego w czasie dzia\u0142a\u0144 zbrojnych I Wojny \u015awiatowej.<\/p>\n<p>W programie wydarzenia odb\u0119dzie si\u0119 m.in.:<\/p>\n<p>godz. 12,00 m. Modliborzycach<\/p>\n<p>Uroczysta msza \u015bwi\u0119ta w ko\u015bciele rzymskokatolickim pw. \u015bw. Benedykta w intencji Ojczyzny i \u017bo\u0142nierzy Wojska Polskiego.<\/p>\n<p>godz. 13,30 Piknik Historyczny<\/p>\n<ul>\n<li>wernisa\u017c wystawy \u201ePierwsi w drodze do Niepodleg\u0142ej\u201d,<\/li>\n<li>pokazy kawaleryjskie,<\/li>\n<li>warsztaty,<\/li>\n<li>stoiska i dioramy historyczne,<\/li>\n<li>gry i zabawy dla ca\u0142ych rodzin,<\/li>\n<li>konkurs wiedzy historycznej,<\/li>\n<li>wsp\u00f3lne \u015bpiewanie pie\u015bni patriotycznych przy akordeonie,<\/li>\n<li>ognisko,<\/li>\n<li>strzelnica sportowa,<\/li>\n<\/ul>\n<p>Wydarzenie dofinansowane ze \u015brodk\u00f3w Biura \u201eNiepodleg\u0142a\u201d w ramach Programu Dotacyjnego \u201eNiepodleg\u0142a\u201d oraz ze \u015brodk\u00f3w Wojew\u00f3dztwa \u015awi\u0119tokrzyskiego.<\/p>\n<p>ZAPRASZAMY!<\/p>\n<p>Zach\u0119camy do obejrzenia filmu pt. Piosnka o Belinie<\/p>\n<p><a href=\"https:\/\/www.youtube.com\/watch?v=mDD9qnfQxZ0\">https:\/\/www.youtube.com\/watch?v=mDD9qnfQxZ0<\/a><\/p>\n<p>Na pierwszej stronie prosz\u0119 zamie\u015bci\u0107 plakat.[\/vc_column_text][vc_gallery el_id=&#8221;gallery-188905&#8243; medias=&#8221;104964,104965,104966,104967,104968,104969,104970,104971,104972,104973&#8243; gutter_size=&#8221;3&#8243; screen_lg=&#8221;1000&#8243; screen_md=&#8221;600&#8243; screen_sm=&#8221;480&#8243; single_overlay_opacity=&#8221;50&#8243; single_padding=&#8221;2&#8243; uncode_shortcode_id=&#8221;195027&#8243;][\/vc_column][\/vc_row]<\/p>\n","protected":false},"excerpt":{"rendered":"<p>[vc_row][vc_column][vc_column_text uncode_shortcode_id=&#8221;105404&#8243;]Kielecki Ochotniczy Szwadron Kawalerii im. 13. Pu\u0142ku U\u0142an\u00f3w Wile\u0144skich wraz ze Starostwem Powiatowym w Opatowie, Urz\u0119dem Gminy Ba\u0107kowice oraz [&hellip;]<\/p>\n","protected":false},"author":1,"featured_media":104973,"comment_status":"closed","ping_status":"closed","sticky":false,"template":"","format":"standard","meta":{"footnotes":""},"categories":[1],"tags":[],"class_list":["post-104963","post","type-post","status-publish","format-standard","has-post-thumbnail","hentry","category-bez-kategorii"],"_links":{"self":[{"href":"https:\/\/trzynasty.pl\/index.php\/wp-json\/wp\/v2\/posts\/104963","targetHints":{"allow":["GET"]}}],"collection":[{"href":"https:\/\/trzynasty.pl\/index.php\/wp-json\/wp\/v2\/posts"}],"about":[{"href":"https:\/\/trzynasty.pl\/index.php\/wp-json\/wp\/v2\/types\/post"}],"author":[{"embeddable":true,"href":"https:\/\/trzynasty.pl\/index.php\/wp-json\/wp\/v2\/users\/1"}],"replies":[{"embeddable":true,"href":"https:\/\/trzynasty.pl\/index.php\/wp-json\/wp\/v2\/comments?post=104963"}],"version-history":[{"count":2,"href":"https:\/\/trzynasty.pl\/index.php\/wp-json\/wp\/v2\/posts\/104963\/revisions"}],"predecessor-version":[{"id":104976,"href":"https:\/\/trzynasty.pl\/index.php\/wp-json\/wp\/v2\/posts\/104963\/revisions\/104976"}],"wp:featuredmedia":[{"embeddable":true,"href":"https:\/\/trzynasty.pl\/index.php\/wp-json\/wp\/v2\/media\/104973"}],"wp:attachment":[{"href":"https:\/\/trzynasty.pl\/index.php\/wp-json\/wp\/v2\/media?parent=104963"}],"wp:term":[{"taxonomy":"category","embeddable":true,"href":"https:\/\/trzynasty.pl\/index.php\/wp-json\/wp\/v2\/categories?post=104963"},{"taxonomy":"post_tag","embeddable":true,"href":"https:\/\/trzynasty.pl\/index.php\/wp-json\/wp\/v2\/tags?post=104963"}],"curies":[{"name":"wp","href":"https:\/\/api.w.org\/{rel}","templated":true}]}}