{"id":104949,"date":"2024-08-02T08:35:09","date_gmt":"2024-08-02T06:35:09","guid":{"rendered":"https:\/\/trzynasty.pl\/?p=104949"},"modified":"2024-08-14T10:41:21","modified_gmt":"2024-08-14T08:41:21","slug":"ulanskiej-siodemki","status":"publish","type":"post","link":"https:\/\/trzynasty.pl\/index.php\/2024\/08\/02\/ulanskiej-siodemki\/","title":{"rendered":"PIERWSI W DRODZE DO NIEPODLEG\u0141EJ &#8211; RUSZKOWIEC 2024"},"content":{"rendered":"<p>[vc_row][vc_column][vc_column_text uncode_shortcode_id=&#8221;306330&#8243;]Kielecki Ochotniczy Szwadron Kawalerii im. 13. Pu\u0142ku U\u0142an\u00f3w Wile\u0144skich wraz z Urz\u0119dem Gminy Sadowie oraz Parafi\u0105 pw. \u015bw. Stanis\u0142awa Biskupa i M\u0119czennika w Ruszkowie, zaprasza mieszka\u0144c\u00f3w wojew\u00f3dztwa \u015bwi\u0119tokrzyskiego oraz turyst\u00f3w na niecodzienne wydarzenie patriotyczno religijne pn. PIERWSI W DRODZE DO NIEPODLEG\u0141EJ. Planowane wydarzenie odb\u0119dzie si\u0119 w dniu 4.08.2024 r. w miejscowo\u015bci Reszkowiec gmina Sadowie w miejscu urodzin p\u0142k W\u0142adys\u0142awa Beliny Pra\u017cmowskiego &#8211; tw\u00f3rcy kawalerii Legion\u00f3w Polskich.<\/p>\n<p>&nbsp;<\/p>\n<p>Tematem przewodnim wydarzenia jest temat cz\u0142onk\u00f3w \u201eU\u0142a\u0144skiej Si\u00f3demki\u201d, pod dow\u00f3dztwem pu\u0142kownika W\u0142adys\u0142awa \u201eBeliny\u201d Pra\u017cmowskiego, kt\u00f3ra jako pierwszy oddzia\u0142 wojskowy, nosz\u0105cy polskie znaki rozpoznawcze przekroczy\u0142 w 1914 r. granic\u0119 Kr\u00f3lestwa Polskiego w czasie dzia\u0142a\u0144 zbrojnych I Wojny \u015awiatowej.<\/p>\n<p>&nbsp;<\/p>\n<p>W programie wydarzenia odb\u0119dzie si\u0119:<\/p>\n<p>godz. 11,30 m. Ruszk\u00f3w<\/p>\n<ul>\n<li>Uroczysta msza \u015bwi\u0119ta w ko\u015bciele Rzymskokatolickim pw. \u015bw. Stanis\u0142awa Biskupa i M\u0119czennika w Ruszkowie w intencji Ojczyzny i \u017bo\u0142nierzy Wojska Polskiego.<\/li>\n<\/ul>\n<p>godz. 16,00 m. Ruszkowiec &#8211; \u015awietlica Wiejska<\/p>\n<ul>\n<li>wernisa\u017c wystawy \u201ePierwsi w drodze do Niepodleg\u0142ej\u201d,<\/li>\n<li>pokazy kawaleryjskie,<\/li>\n<li>warsztaty,<\/li>\n<li>stoiska i dioramy historyczne,<\/li>\n<li>gry i zabawy dla ca\u0142ych rodzin,<\/li>\n<li>konkurs wiedzy historycznej,<\/li>\n<li>wsp\u00f3lne \u015bpiewanie pie\u015bni patriotycznych przy akordeonie,<\/li>\n<li>ognisko,<\/li>\n<li>strzelnica sportowa<\/li>\n<\/ul>\n<p>&nbsp;<\/p>\n<p>Wydarzenie dofinansowane ze \u015brodk\u00f3w Biura \u201eNiepodleg\u0142a\u201d w ramach Programu Dotacyjnego \u201eNiepodleg\u0142a\u201d<\/p>\n<p>&nbsp;<\/p>\n<p>ZAPRASZAMY!!![\/vc_column_text][vc_gallery el_id=&#8221;gallery-188905&#8243; medias=&#8221;104952,104953,104954,104956,104955,104957,104958&#8243; gutter_size=&#8221;3&#8243; screen_lg=&#8221;1000&#8243; screen_md=&#8221;600&#8243; screen_sm=&#8221;480&#8243; single_overlay_opacity=&#8221;50&#8243; single_padding=&#8221;2&#8243; uncode_shortcode_id=&#8221;107389&#8243;][\/vc_column][\/vc_row]<\/p>\n","protected":false},"excerpt":{"rendered":"<p>[vc_row][vc_column][vc_column_text uncode_shortcode_id=&#8221;306330&#8243;]Kielecki Ochotniczy Szwadron Kawalerii im. 13. Pu\u0142ku U\u0142an\u00f3w Wile\u0144skich wraz z Urz\u0119dem Gminy Sadowie oraz Parafi\u0105 pw. \u015bw. Stanis\u0142awa [&hellip;]<\/p>\n","protected":false},"author":1,"featured_media":104958,"comment_status":"closed","ping_status":"closed","sticky":false,"template":"","format":"standard","meta":{"footnotes":""},"categories":[1],"tags":[],"class_list":["post-104949","post","type-post","status-publish","format-standard","has-post-thumbnail","hentry","category-bez-kategorii"],"_links":{"self":[{"href":"https:\/\/trzynasty.pl\/index.php\/wp-json\/wp\/v2\/posts\/104949","targetHints":{"allow":["GET"]}}],"collection":[{"href":"https:\/\/trzynasty.pl\/index.php\/wp-json\/wp\/v2\/posts"}],"about":[{"href":"https:\/\/trzynasty.pl\/index.php\/wp-json\/wp\/v2\/types\/post"}],"author":[{"embeddable":true,"href":"https:\/\/trzynasty.pl\/index.php\/wp-json\/wp\/v2\/users\/1"}],"replies":[{"embeddable":true,"href":"https:\/\/trzynasty.pl\/index.php\/wp-json\/wp\/v2\/comments?post=104949"}],"version-history":[{"count":5,"href":"https:\/\/trzynasty.pl\/index.php\/wp-json\/wp\/v2\/posts\/104949\/revisions"}],"predecessor-version":[{"id":104979,"href":"https:\/\/trzynasty.pl\/index.php\/wp-json\/wp\/v2\/posts\/104949\/revisions\/104979"}],"wp:featuredmedia":[{"embeddable":true,"href":"https:\/\/trzynasty.pl\/index.php\/wp-json\/wp\/v2\/media\/104958"}],"wp:attachment":[{"href":"https:\/\/trzynasty.pl\/index.php\/wp-json\/wp\/v2\/media?parent=104949"}],"wp:term":[{"taxonomy":"category","embeddable":true,"href":"https:\/\/trzynasty.pl\/index.php\/wp-json\/wp\/v2\/categories?post=104949"},{"taxonomy":"post_tag","embeddable":true,"href":"https:\/\/trzynasty.pl\/index.php\/wp-json\/wp\/v2\/tags?post=104949"}],"curies":[{"name":"wp","href":"https:\/\/api.w.org\/{rel}","templated":true}]}}