{"id":104879,"date":"2023-12-31T19:32:00","date_gmt":"2023-12-31T18:32:00","guid":{"rendered":"http:\/\/trzynasty.pl\/?p=104879"},"modified":"2024-03-15T19:48:02","modified_gmt":"2024-03-15T18:48:02","slug":"filmy-ulani-werbuja","status":"publish","type":"post","link":"https:\/\/trzynasty.pl\/index.php\/2023\/12\/31\/filmy-ulani-werbuja\/","title":{"rendered":"PODSUMOWANIE FILM\u00d3W"},"content":{"rendered":"<p>[vc_row][vc_column][vc_column_text uncode_shortcode_id=&#8221;506386&#8243;]W roku 2023, kt\u00f3ry by\u0142 ostatnim rokiem realizacji projektu \u201eU\u0142ani Werbuj\u0105\u201d powsta\u0142o sze\u015b\u0107 kolejnych film\u00f3w z cyklu pt.: \u201eZ dziej\u00f3w kawalerii polskiej w XX wieku\u201d. By\u0142y to: \u201eKawaleria Legion\u00f3w Polskich\u201d, \u201eU\u0142ani Legionu Pu\u0142awskiego i Korpus\u00f3w Polskich w Rosji\u201d, \u201eJazda polska w wojnie z bolszewikami 1919 \u2013 1921\u201d, \u201eKawaleria II Rzeczypospolitej w latach 1921 \u2013 1939\u201d, \u201e1 Warszawska Samodzielna Bryg. Kawalerii &#8211; ostatnia szar\u017ca pod Borujskiem 1945r\u201d, \u201eTradycje kawaleryjskie w Polskich Si\u0142ach Zbrojnych na Zachodzie i we wsp\u00f3\u0142czesnych si\u0142ach zbrojnych RP\u201d. Wraz ze zrealizowanymi wcze\u015bniej dwoma odcinkami (\u201eKawaleria Polska w wojnie obronnej 1939 roku\u201d oraz \u201eOddzia\u0142 Wydzielony Wojska Polskiego mjr. Henryka Dobrza\u0144skiego \u201eHubala\u201d) cykl zosta\u0142 zamkni\u0119ty i jest pierwszym tego typu filmowym kompendium wiedzy na temat dziej\u00f3w kawalerii polskiej w XX wieku. Ka\u017cdy odcinek mia\u0142 swoj\u0105 premier\u0119 w Wojew\u00f3dzkim Domu Kultury im. Marsza\u0142ka J\u00f3zefa Pi\u0142sudskiego w Kielcach oraz projekcje na kanale You Tube.<\/p>\n<p>Zgodnie z za\u0142o\u017ceniami programu, aktywny udzia\u0142 w realizacji kolejnych odcink\u00f3w mieli m\u0142odzi rekruci do Kieleckiego Szwadronu Kawalerii Ochotniczej. W filmach tych wyst\u0119powali jako staty\u015bci, wcielaj\u0105c si\u0119 w postacie \u017co\u0142nierzy rozmaitych formacji kawaleryjskich. Uczestniczyli r\u00f3wnie\u017c w pracach na etapie przygotowa\u0144 do realizacji kolejnych odcink\u00f3w, kompletuj\u0105c odpowiednie umundurowani i wyposa\u017cenie. Podczas omawiania scenariusza poznawali epizody historyczne z udzia\u0142em polskiej jazdy, kt\u00f3re nast\u0119pnie odegra\u0107 musieli na planie filmowym. Proces produkcji film\u00f3w, sta\u0142 si\u0119 dla m\u0142odych kawalerzyst\u00f3w oryginaln\u0105 i niezwykle efektywn\u0105 form\u0105 edukacji historycznej, a tak\u017ce by\u0142 jednym z wa\u017cniejszych element\u00f3w zach\u0119caj\u0105cych do udzia\u0142u w ca\u0142ym projekcie kolejnych ochotnik\u00f3w. W wy\u017cej wymienionych odcinkach \u0142\u0105cznie udzia\u0142 wzi\u0119\u0142o ponad 100 rekonstruktor\u00f3w, w tym kawalerzy\u015bci ochotnicy. Udzia\u0142 w realizacji cyklu filmowego by\u0142 dla nich nie tylko do\u015bwiadczeniem nobilituj\u0105cym w \u015brodowisku r\u00f3wie\u015bniczym, ale te\u017c utwierdzaj\u0105cym w przekonaniu o wadze podj\u0119tej tematyki, spo\u0142ecznej potrzebie jej popularyzacji i ponadczasowej warto\u015bci przedsi\u0119wzi\u0119cia, w kt\u00f3rym uczestniczyli.<\/p>\n<p>Zdj\u0119cia fabularne realizowane by\u0142y g\u0142\u00f3wnie w malowniczych plenerach muzeum Wsi Kieleckiej i Muzeum Wsi Radomskiej, co bez w\u0105tpienia podnosi atrakcyjno\u015b\u0107 cyklu jako dzie\u0142a filmowego. Z kolei trudnymi do przecenienia walorami o charakterze dokumentalnym, s\u0105 wykorzystane w nim materia\u0142y archiwalne: filmowe i fotograficzne oraz fragmenty innych film\u00f3w dokumentalnych o tej tematyce. Archiwalia filmowe zakupione zosta\u0142y u ameryka\u0144skiego dystrybutora, firmy Critical Past, natomiast fotografie pochodzi\u0142y z zasob\u00f3w Narodowego Archiwum Cyfrowego oraz prywatnych zbior\u00f3w. Materia\u0142 na planach filmowych rejestrowany by\u0142 przez przynajmniej 2 kamery w standardzie Full HD i 4K oraz rejestratory d\u017awi\u0119ku. Do zdj\u0119\u0107 wykorzystany zosta\u0142 tak\u017ce dron. Zdj\u0119cia fabularne, plenery oraz nagrania z udzia\u0142em narratora rejestrowane by\u0142 \u0142\u0105cznie podczas 30 dni zdj\u0119ciowych. R\u00f3wnolegle do rejestracji zdj\u0119\u0107 filmowych rejestrowano d\u017awi\u0119k. Podczas postprodukcji nast\u0105pi\u0142 monta\u017c film\u00f3w wraz z ich ud\u017awi\u0119kowieniem. Cykl filmowy pt.: \u201eZ dziej\u00f3w kawalerii polskiej XX wieku\u201d jest trwa\u0142ym efektem realizacji ca\u0142ego projektu i w kolejnych latach s\u0142u\u017cy\u0107 b\u0119dzie edukacji m\u0142odzie\u017cy wst\u0119puj\u0105cej w szeregi Kawalerii Ochotniczej oraz popularyzacji w spo\u0142ecze\u0144stwie wiedzy na temat chlubnych tradycji or\u0119\u017ca polskiego.<\/p>\n<p>&nbsp;<\/p>\n<p>Wszystkie odcinki dost\u0119pne w serwisie internetowym YouTube lub na naszej stronie internetowej pod zak\u0142adk\u0105 \u201eZ DZIEJ\u00d3W KAWALERII POLSKIEJ\u00a0 XX WIEKU\u201d[\/vc_column_text][vc_gallery el_id=&#8221;gallery-188905&#8243; medias=&#8221;104882,104883,104884,104885,104886,104887,104888,104889,104890,104891,104892,104893,104894,104895,104896,104897,104898,104899,104900,104901,104902,104903,104904,104905,104906&#8243; gutter_size=&#8221;3&#8243; screen_lg=&#8221;1000&#8243; screen_md=&#8221;600&#8243; screen_sm=&#8221;480&#8243; single_overlay_opacity=&#8221;50&#8243; single_padding=&#8221;2&#8243; uncode_shortcode_id=&#8221;151073&#8243;][\/vc_column][\/vc_row]<\/p>\n","protected":false},"excerpt":{"rendered":"<p>[vc_row][vc_column][vc_column_text uncode_shortcode_id=&#8221;506386&#8243;]W roku 2023, kt\u00f3ry by\u0142 ostatnim rokiem realizacji projektu \u201eU\u0142ani Werbuj\u0105\u201d powsta\u0142o sze\u015b\u0107 kolejnych film\u00f3w z cyklu pt.: \u201eZ [&hellip;]<\/p>\n","protected":false},"author":1,"featured_media":104882,"comment_status":"closed","ping_status":"closed","sticky":false,"template":"","format":"standard","meta":{"footnotes":""},"categories":[1],"tags":[],"class_list":["post-104879","post","type-post","status-publish","format-standard","has-post-thumbnail","hentry","category-bez-kategorii"],"_links":{"self":[{"href":"https:\/\/trzynasty.pl\/index.php\/wp-json\/wp\/v2\/posts\/104879","targetHints":{"allow":["GET"]}}],"collection":[{"href":"https:\/\/trzynasty.pl\/index.php\/wp-json\/wp\/v2\/posts"}],"about":[{"href":"https:\/\/trzynasty.pl\/index.php\/wp-json\/wp\/v2\/types\/post"}],"author":[{"embeddable":true,"href":"https:\/\/trzynasty.pl\/index.php\/wp-json\/wp\/v2\/users\/1"}],"replies":[{"embeddable":true,"href":"https:\/\/trzynasty.pl\/index.php\/wp-json\/wp\/v2\/comments?post=104879"}],"version-history":[{"count":3,"href":"https:\/\/trzynasty.pl\/index.php\/wp-json\/wp\/v2\/posts\/104879\/revisions"}],"predecessor-version":[{"id":104917,"href":"https:\/\/trzynasty.pl\/index.php\/wp-json\/wp\/v2\/posts\/104879\/revisions\/104917"}],"wp:featuredmedia":[{"embeddable":true,"href":"https:\/\/trzynasty.pl\/index.php\/wp-json\/wp\/v2\/media\/104882"}],"wp:attachment":[{"href":"https:\/\/trzynasty.pl\/index.php\/wp-json\/wp\/v2\/media?parent=104879"}],"wp:term":[{"taxonomy":"category","embeddable":true,"href":"https:\/\/trzynasty.pl\/index.php\/wp-json\/wp\/v2\/categories?post=104879"},{"taxonomy":"post_tag","embeddable":true,"href":"https:\/\/trzynasty.pl\/index.php\/wp-json\/wp\/v2\/tags?post=104879"}],"curies":[{"name":"wp","href":"https:\/\/api.w.org\/{rel}","templated":true}]}}