{"id":104867,"date":"2023-12-30T19:26:58","date_gmt":"2023-12-30T18:26:58","guid":{"rendered":"http:\/\/trzynasty.pl\/?p=104867"},"modified":"2024-03-15T19:28:52","modified_gmt":"2024-03-15T18:28:52","slug":"premiera-siodmego-odcinka-filmu-z-cyklu-z-dziejow-kawalerii-polskiej-w-xx-wieku","status":"publish","type":"post","link":"https:\/\/trzynasty.pl\/index.php\/2023\/12\/30\/premiera-siodmego-odcinka-filmu-z-cyklu-z-dziejow-kawalerii-polskiej-w-xx-wieku\/","title":{"rendered":"PREMIERA SI\u00d3DMEGO ODCINKA FILMU Z CYKLU  &#8222;Z DZIEJ\u00d3W KAWALERII POLSKIEJ W XX WIEKU&#8221;"},"content":{"rendered":"<p>[vc_row][vc_column][vc_column_text uncode_shortcode_id=&#8221;210301&#8243;]<strong>Kawaleria II Rzeczypospolitej w latach 1921-1939<\/strong><\/p>\n<p>Premiera filmu odb\u0119dzie si\u0119 w dniu 30.12.2023 r. (pi\u0105tek) o godz. 18,00 w Sali Kinowej Wojew\u00f3dzkiego Domu Kultury im. J\u00f3zefa Pi\u0142sudskiego w Kiecach.<\/p>\n<p>Film w re\u017cyserii Przemys\u0142awa Bednarczyka.<\/p>\n<p>ON-LINE <a href=\"https:\/\/www.youtube.com\/@portalinformacjikulturalnej\/streams?fbclid=IwAR2JaUTeonRhSiW3SYm7MOdj1Zvrb65blhgPgs2u52jwGgHzPDBumfgJADg\">https:\/\/www.youtube.com\/@portalinformacjikulturalnej\/streams<\/a><\/p>\n<p>&nbsp;<\/p>\n<p>Film sfinansowany zosta\u0142 przez Narodowy Instytut Wolno\u015bci &#8211; Centrum Rozwoju Spo\u0142ecze\u0144stwa Obywatelskiego ze \u015brodk\u00f3w Programu Rozwoju Organizacji Obywatelskich na lata 2018-2030 w ramach projektu &#8222;U\u0142ani Werbuj\u0105&#8221;.<\/p>\n<p>&nbsp;<\/p>\n<p>WST\u0118P WOLNY!<\/p>\n<p>Dyrekcja WDK Kielce oraz U\u0142ani Kieleckiego Szwadronu ZAPRASZAJ\u0104[\/vc_column_text][vc_gallery el_id=&#8221;gallery-188905&#8243; medias=&#8221;104868,104869,104870&#8243; gutter_size=&#8221;3&#8243; screen_lg=&#8221;1000&#8243; screen_md=&#8221;600&#8243; screen_sm=&#8221;480&#8243; single_overlay_opacity=&#8221;50&#8243; single_padding=&#8221;2&#8243; uncode_shortcode_id=&#8221;200082&#8243;][\/vc_column][\/vc_row]<\/p>\n","protected":false},"excerpt":{"rendered":"<p>[vc_row][vc_column][vc_column_text uncode_shortcode_id=&#8221;210301&#8243;]Kawaleria II Rzeczypospolitej w latach 1921-1939 Premiera filmu odb\u0119dzie si\u0119 w dniu 30.12.2023 r. (pi\u0105tek) o godz. 18,00 w [&hellip;]<\/p>\n","protected":false},"author":1,"featured_media":104868,"comment_status":"closed","ping_status":"closed","sticky":false,"template":"","format":"standard","meta":{"footnotes":""},"categories":[1],"tags":[],"class_list":["post-104867","post","type-post","status-publish","format-standard","has-post-thumbnail","hentry","category-bez-kategorii"],"_links":{"self":[{"href":"https:\/\/trzynasty.pl\/index.php\/wp-json\/wp\/v2\/posts\/104867","targetHints":{"allow":["GET"]}}],"collection":[{"href":"https:\/\/trzynasty.pl\/index.php\/wp-json\/wp\/v2\/posts"}],"about":[{"href":"https:\/\/trzynasty.pl\/index.php\/wp-json\/wp\/v2\/types\/post"}],"author":[{"embeddable":true,"href":"https:\/\/trzynasty.pl\/index.php\/wp-json\/wp\/v2\/users\/1"}],"replies":[{"embeddable":true,"href":"https:\/\/trzynasty.pl\/index.php\/wp-json\/wp\/v2\/comments?post=104867"}],"version-history":[{"count":2,"href":"https:\/\/trzynasty.pl\/index.php\/wp-json\/wp\/v2\/posts\/104867\/revisions"}],"predecessor-version":[{"id":104872,"href":"https:\/\/trzynasty.pl\/index.php\/wp-json\/wp\/v2\/posts\/104867\/revisions\/104872"}],"wp:featuredmedia":[{"embeddable":true,"href":"https:\/\/trzynasty.pl\/index.php\/wp-json\/wp\/v2\/media\/104868"}],"wp:attachment":[{"href":"https:\/\/trzynasty.pl\/index.php\/wp-json\/wp\/v2\/media?parent=104867"}],"wp:term":[{"taxonomy":"category","embeddable":true,"href":"https:\/\/trzynasty.pl\/index.php\/wp-json\/wp\/v2\/categories?post=104867"},{"taxonomy":"post_tag","embeddable":true,"href":"https:\/\/trzynasty.pl\/index.php\/wp-json\/wp\/v2\/tags?post=104867"}],"curies":[{"name":"wp","href":"https:\/\/api.w.org\/{rel}","templated":true}]}}