{"id":104860,"date":"2023-12-29T19:23:52","date_gmt":"2023-12-29T18:23:52","guid":{"rendered":"http:\/\/trzynasty.pl\/?p=104860"},"modified":"2024-03-15T19:25:44","modified_gmt":"2024-03-15T18:25:44","slug":"premiera-szostego-odcinka-filmu-z-cyklu-z-dziejow-kawalerii-polskiej-w-xx-wieku","status":"publish","type":"post","link":"https:\/\/trzynasty.pl\/index.php\/2023\/12\/29\/premiera-szostego-odcinka-filmu-z-cyklu-z-dziejow-kawalerii-polskiej-w-xx-wieku\/","title":{"rendered":"PREMIERA SZ\u00d3STEGO ODCINKA FILMU Z CYKLU  &#8222;Z DZIEJ\u00d3W KAWALERII POLSKIEJ W XX WIEKU&#8221;"},"content":{"rendered":"<p>[vc_row][vc_column][vc_column_text uncode_shortcode_id=&#8221;790174&#8243;]<strong>Jazda polska w wojnie z bolszewikami 1919-2021<\/strong><\/p>\n<p>Premiera filmu odb\u0119dzie si\u0119 w dniu 29.12.2023 r. (pi\u0105tek) o godz. 19,00 w Sali Kinowej Wojew\u00f3dzkiego Domu Kultury im. J\u00f3zefa Pi\u0142sudskiego w Kiecach.<\/p>\n<p>Film w re\u017cyserii Przemys\u0142awa Bednarczyka.<\/p>\n<p>ON-LINE <a href=\"https:\/\/l.facebook.com\/l.php?u=https%3A%2F%2Fwww.youtube.com%2F%40portalinformacjikulturalnej%2Fstreams%3Ffbclid%3DIwAR1S_9SWCMOOciX_Otyt-BvqcqxRnOLs4VRBsq6qb1NCLR7up4JWsvQ5sNA&amp;h=AT2TWnn7WrH3V9jR3wpw-jA2a0kJ3OeMNBCrYM14uiIx0RORoAxyC-OwMMJGMCWNb5kelblZz57lDlXplmok5rIh_29ikIXcAqXlexYpL-3EZ2SYDTaDIPmgtTApUSHxhNRZ&amp;__tn__=-UK-R&amp;c%5B0%5D=AT3_XWRPt8Fj1UFBVrh5S7G8rG5K4zqsGPkmQEKasyqV1LXEsHdLioIQG8CXju8kEm2xo9cyv9PfoxJd-kV3QSgDQMJbrgfHp8aBp9ysW8ISabdgGFqc_TTQDEGP2GLY38BU_Zb2p6sn1YN8xf_SrNjtFmpV6-NMI2yVGD3zq05VycW6wyll\">https:\/\/www.youtube.com\/@portalinformacjikulturalnej\/streams<\/a><\/p>\n<p>&nbsp;<\/p>\n<p>Film sfinansowany zosta\u0142 przez Narodowy Instytut Wolno\u015bci &#8211; Centrum Rozwoju Spo\u0142ecze\u0144stwa Obywatelskiego ze \u015brodk\u00f3w Programu Rozwoju Organizacji Obywatelskich na lata 2018-2030 w ramach projektu &#8222;U\u0142ani Werbuj\u0105&#8221;.<\/p>\n<p>&nbsp;<\/p>\n<p>WST\u0118P WOLNY!<\/p>\n<p>Dyrekcja WDK Kielce oraz U\u0142ani Kieleckiego Szwadronu ZAPRASZAJ\u0104!![\/vc_column_text][vc_gallery el_id=&#8221;gallery-188905&#8243; medias=&#8221;104861,104862,104863&#8243; gutter_size=&#8221;3&#8243; screen_lg=&#8221;1000&#8243; screen_md=&#8221;600&#8243; screen_sm=&#8221;480&#8243; single_overlay_opacity=&#8221;50&#8243; single_padding=&#8221;2&#8243; uncode_shortcode_id=&#8221;371074&#8243;][\/vc_column][\/vc_row]<\/p>\n","protected":false},"excerpt":{"rendered":"<p>[vc_row][vc_column][vc_column_text uncode_shortcode_id=&#8221;790174&#8243;]Jazda polska w wojnie z bolszewikami 1919-2021 Premiera filmu odb\u0119dzie si\u0119 w dniu 29.12.2023 r. (pi\u0105tek) o godz. 19,00 [&hellip;]<\/p>\n","protected":false},"author":1,"featured_media":104861,"comment_status":"closed","ping_status":"closed","sticky":false,"template":"","format":"standard","meta":{"footnotes":""},"categories":[1],"tags":[],"class_list":["post-104860","post","type-post","status-publish","format-standard","has-post-thumbnail","hentry","category-bez-kategorii"],"_links":{"self":[{"href":"https:\/\/trzynasty.pl\/index.php\/wp-json\/wp\/v2\/posts\/104860","targetHints":{"allow":["GET"]}}],"collection":[{"href":"https:\/\/trzynasty.pl\/index.php\/wp-json\/wp\/v2\/posts"}],"about":[{"href":"https:\/\/trzynasty.pl\/index.php\/wp-json\/wp\/v2\/types\/post"}],"author":[{"embeddable":true,"href":"https:\/\/trzynasty.pl\/index.php\/wp-json\/wp\/v2\/users\/1"}],"replies":[{"embeddable":true,"href":"https:\/\/trzynasty.pl\/index.php\/wp-json\/wp\/v2\/comments?post=104860"}],"version-history":[{"count":2,"href":"https:\/\/trzynasty.pl\/index.php\/wp-json\/wp\/v2\/posts\/104860\/revisions"}],"predecessor-version":[{"id":104865,"href":"https:\/\/trzynasty.pl\/index.php\/wp-json\/wp\/v2\/posts\/104860\/revisions\/104865"}],"wp:featuredmedia":[{"embeddable":true,"href":"https:\/\/trzynasty.pl\/index.php\/wp-json\/wp\/v2\/media\/104861"}],"wp:attachment":[{"href":"https:\/\/trzynasty.pl\/index.php\/wp-json\/wp\/v2\/media?parent=104860"}],"wp:term":[{"taxonomy":"category","embeddable":true,"href":"https:\/\/trzynasty.pl\/index.php\/wp-json\/wp\/v2\/categories?post=104860"},{"taxonomy":"post_tag","embeddable":true,"href":"https:\/\/trzynasty.pl\/index.php\/wp-json\/wp\/v2\/tags?post=104860"}],"curies":[{"name":"wp","href":"https:\/\/api.w.org\/{rel}","templated":true}]}}