{"id":104848,"date":"2023-12-28T19:18:21","date_gmt":"2023-12-28T18:18:21","guid":{"rendered":"http:\/\/trzynasty.pl\/?p=104848"},"modified":"2024-03-15T19:20:25","modified_gmt":"2024-03-15T18:20:25","slug":"premiera-czwartego-odcinka-filmu-z-cyklu-z-dziejow-kawalerii-polskiej-w-xx-wieku","status":"publish","type":"post","link":"https:\/\/trzynasty.pl\/index.php\/2023\/12\/28\/premiera-czwartego-odcinka-filmu-z-cyklu-z-dziejow-kawalerii-polskiej-w-xx-wieku\/","title":{"rendered":"PREMIERA CZWARTEGO ODCINKA FILMU Z CYKLU  &#8222;Z DZIEJ\u00d3W KAWALERII POLSKIEJ W XX WIEKU&#8221;"},"content":{"rendered":"<p>[vc_row][vc_column][vc_column_text uncode_shortcode_id=&#8221;285201&#8243;]<strong>Kawaleria Legion\u00f3w Polskich<\/strong><\/p>\n<p>Premiera filmu odb\u0119dzie si\u0119 w dniu 28.12.2023 r. (czwartek) o godz. 19,00 w Sali Kominkowej Wojew\u00f3dzkiego Domu Kultury im. J\u00f3zefa Pi\u0142sudskiego w Kiecach.<\/p>\n<p>Film w re\u017cyserii Przemys\u0142awa Bednarczyka.<\/p>\n<p>ON-LINE <a href=\"https:\/\/l.facebook.com\/l.php?u=https%3A%2F%2Fwww.youtube.com%2F%40portalinformacjikulturalnej%2Fstreams%3Ffbclid%3DIwAR35BI4bWo-wlARU3z0iF9lU21aSSJvPHin5m_4wmJcZQ04L9SB-LrziTt0&amp;h=AT2TWnn7WrH3V9jR3wpw-jA2a0kJ3OeMNBCrYM14uiIx0RORoAxyC-OwMMJGMCWNb5kelblZz57lDlXplmok5rIh_29ikIXcAqXlexYpL-3EZ2SYDTaDIPmgtTApUSHxhNRZ&amp;__tn__=-UK-R&amp;c%5B0%5D=AT1YqVBXng5uPxjOLlOFCAdFwZ0LT8gRl8kKPLKS4DoGal5MDSxTXVY7Fnk4l350EMnYfK8HVHTKQBKm5HwJmRzJe4xVcdv7Ue8hxI2NMZqT-3jfkE-Z0anrgX8_Nbwp2Ogrk40GfXzp9xuWnnysK9ku9iXx-YbnF4NwX7EahIS8WBxVNFXb\">https:\/\/www.youtube.com\/@portalinformacjikulturalnej\/streams<\/a><\/p>\n<p>&nbsp;<\/p>\n<p>Film sfinansowany zosta\u0142 przez Narodowy Instytut Wolno\u015bci &#8211; Centrum Rozwoju Spo\u0142ecze\u0144stwa Obywatelskiego ze \u015brodk\u00f3w Programu Rozwoju Organizacji Obywatelskich na lata 2018-2030 w ramach projektu &#8222;U\u0142ani Werbuj\u0105&#8221;.<\/p>\n<p>&nbsp;<\/p>\n<p>WST\u0118P WOLNY!<\/p>\n<p>ZAPRASZAMY[\/vc_column_text][vc_gallery el_id=&#8221;gallery-188905&#8243; medias=&#8221;104849,104850,104851&#8243; gutter_size=&#8221;3&#8243; screen_lg=&#8221;1000&#8243; screen_md=&#8221;600&#8243; screen_sm=&#8221;480&#8243; single_overlay_opacity=&#8221;50&#8243; single_padding=&#8221;2&#8243; uncode_shortcode_id=&#8221;188697&#8243;][\/vc_column][\/vc_row]<\/p>\n","protected":false},"excerpt":{"rendered":"<p>[vc_row][vc_column][vc_column_text uncode_shortcode_id=&#8221;285201&#8243;]Kawaleria Legion\u00f3w Polskich Premiera filmu odb\u0119dzie si\u0119 w dniu 28.12.2023 r. (czwartek) o godz. 19,00 w Sali Kominkowej Wojew\u00f3dzkiego [&hellip;]<\/p>\n","protected":false},"author":1,"featured_media":104849,"comment_status":"closed","ping_status":"closed","sticky":false,"template":"","format":"standard","meta":{"footnotes":""},"categories":[1],"tags":[],"class_list":["post-104848","post","type-post","status-publish","format-standard","has-post-thumbnail","hentry","category-bez-kategorii"],"_links":{"self":[{"href":"https:\/\/trzynasty.pl\/index.php\/wp-json\/wp\/v2\/posts\/104848","targetHints":{"allow":["GET"]}}],"collection":[{"href":"https:\/\/trzynasty.pl\/index.php\/wp-json\/wp\/v2\/posts"}],"about":[{"href":"https:\/\/trzynasty.pl\/index.php\/wp-json\/wp\/v2\/types\/post"}],"author":[{"embeddable":true,"href":"https:\/\/trzynasty.pl\/index.php\/wp-json\/wp\/v2\/users\/1"}],"replies":[{"embeddable":true,"href":"https:\/\/trzynasty.pl\/index.php\/wp-json\/wp\/v2\/comments?post=104848"}],"version-history":[{"count":2,"href":"https:\/\/trzynasty.pl\/index.php\/wp-json\/wp\/v2\/posts\/104848\/revisions"}],"predecessor-version":[{"id":104853,"href":"https:\/\/trzynasty.pl\/index.php\/wp-json\/wp\/v2\/posts\/104848\/revisions\/104853"}],"wp:featuredmedia":[{"embeddable":true,"href":"https:\/\/trzynasty.pl\/index.php\/wp-json\/wp\/v2\/media\/104849"}],"wp:attachment":[{"href":"https:\/\/trzynasty.pl\/index.php\/wp-json\/wp\/v2\/media?parent=104848"}],"wp:term":[{"taxonomy":"category","embeddable":true,"href":"https:\/\/trzynasty.pl\/index.php\/wp-json\/wp\/v2\/categories?post=104848"},{"taxonomy":"post_tag","embeddable":true,"href":"https:\/\/trzynasty.pl\/index.php\/wp-json\/wp\/v2\/tags?post=104848"}],"curies":[{"name":"wp","href":"https:\/\/api.w.org\/{rel}","templated":true}]}}