{"id":104808,"date":"2023-11-21T16:30:16","date_gmt":"2023-11-21T15:30:16","guid":{"rendered":"https:\/\/trzynasty.pl\/?p=104808"},"modified":"2024-03-15T16:33:04","modified_gmt":"2024-03-15T15:33:04","slug":"potyczki-z-kawaleria-2","status":"publish","type":"post","link":"https:\/\/trzynasty.pl\/index.php\/2023\/11\/21\/potyczki-z-kawaleria-2\/","title":{"rendered":"POTYCZKI Z KAWALERI\u0104"},"content":{"rendered":"<p>[vc_row][vc_column][vc_column_text uncode_shortcode_id=&#8221;130793&#8243;]<span style=\"font-family: Arial, sans-serif;\"><span style=\"font-size: small;\">W ostatnim roku trwania projektu \u201eU\u0142ani Werbuj\u0105\u201d przedstawiciele Kieleckiego Szwadronu Kawalerii przeprowadzili sze\u015b\u0107 spotka\u0144 edukacyjnych z m\u0142odzie\u017c\u0105 pn. \u201ePotyczki z kawaleri\u0105\u201d. Dwa pierwsze spotkania odby\u0142y si\u0119 w dniu 15.12.2023r. pierwsze w Szkole Podstawowej w miejscowo\u015bci M\u00f3jcza drugie w Zespole Szkolno-Przedszkolnym w miejscowo\u015bci Daleszyce. Cztery kolejne spotkania odby\u0142y si\u0119 w dniu 20.12.2023r. w Wojew\u00f3dzkim Domu Kultury do kt\u00f3rego zaprosili\u015bmy uczni\u00f3w z kieleckich szk\u00f3\u0142. W spotkaniach wzi\u0119li udzia\u0142 uczniowie z VII Liceum Og\u00f3lnokszta\u0142c\u0105ceog w Kielcach, Szko\u0142y Podstawowa nr 7, 18 i 25 z Kielc. Podczas spotka\u0144 uczniowie wys\u0142uchali ciekawych gaw\u0119d na temat tradycji kawaleryjskich, wsp\u00f3\u0142czesnego patriotyzmu jak r\u00f3wnie\u017c mogli obejrze\u0107 i przymierzy\u0107 mundury i sprz\u0119t wykonany \u015bci\u015ble wed\u0142ug wzor\u00f3w z 20-o lecia mi\u0119dzywojennego wykorzystywany przez nas podczas nagrywanych w ramach projektu filmach. Na zako\u0144czenie spotka\u0144 przeprowadzili\u015bmy ka\u017cdorazowo nowatorski historyczny konkurs wiedzy aby sprawdzi\u0107 czy m\u0142odzie\u017c uczestnicz\u0105ca w spotkaniu zapami\u0119ta\u0142a ciekawe w\u0105tki historyczne przekazane podczas spotkania. Mi\u0142\u0105 niespodziank\u0105 dla prelegent\u00f3w spotka\u0144 jak i w roku ubieg\u0142ym by\u0142o, \u017ce po spotkaniu zg\u0142osi\u0142o si\u0119 i wyrazi\u0142o ch\u0119\u0107 przyst\u0105pienia do dzielno\u015bci w strukturach Kieleckiego Szwadronu Kawalerii sze\u015bciu uczni\u00f3w.<\/span><\/span>[\/vc_column_text][vc_gallery el_id=&#8221;gallery-188905&#8243; medias=&#8221;104809,104810,104811,104812,104813,104814,104815,104816,104817,104818,104819,104820,104821,104822,104823,104824,104825,104826,104827,104828,104829,104830,104831,104832,104833,104834,104835,104836,104837,104838&#8243; gutter_size=&#8221;3&#8243; screen_lg=&#8221;1000&#8243; screen_md=&#8221;600&#8243; screen_sm=&#8221;480&#8243; single_overlay_opacity=&#8221;50&#8243; single_padding=&#8221;2&#8243; uncode_shortcode_id=&#8221;707716&#8243;][\/vc_column][\/vc_row]<\/p>\n","protected":false},"excerpt":{"rendered":"<p>[vc_row][vc_column][vc_column_text uncode_shortcode_id=&#8221;130793&#8243;]W ostatnim roku trwania projektu \u201eU\u0142ani Werbuj\u0105\u201d przedstawiciele Kieleckiego Szwadronu Kawalerii przeprowadzili sze\u015b\u0107 spotka\u0144 edukacyjnych z m\u0142odzie\u017c\u0105 pn. \u201ePotyczki [&hellip;]<\/p>\n","protected":false},"author":1,"featured_media":104836,"comment_status":"closed","ping_status":"closed","sticky":false,"template":"","format":"standard","meta":{"footnotes":""},"categories":[1],"tags":[],"class_list":["post-104808","post","type-post","status-publish","format-standard","has-post-thumbnail","hentry","category-bez-kategorii"],"_links":{"self":[{"href":"https:\/\/trzynasty.pl\/index.php\/wp-json\/wp\/v2\/posts\/104808","targetHints":{"allow":["GET"]}}],"collection":[{"href":"https:\/\/trzynasty.pl\/index.php\/wp-json\/wp\/v2\/posts"}],"about":[{"href":"https:\/\/trzynasty.pl\/index.php\/wp-json\/wp\/v2\/types\/post"}],"author":[{"embeddable":true,"href":"https:\/\/trzynasty.pl\/index.php\/wp-json\/wp\/v2\/users\/1"}],"replies":[{"embeddable":true,"href":"https:\/\/trzynasty.pl\/index.php\/wp-json\/wp\/v2\/comments?post=104808"}],"version-history":[{"count":1,"href":"https:\/\/trzynasty.pl\/index.php\/wp-json\/wp\/v2\/posts\/104808\/revisions"}],"predecessor-version":[{"id":104839,"href":"https:\/\/trzynasty.pl\/index.php\/wp-json\/wp\/v2\/posts\/104808\/revisions\/104839"}],"wp:featuredmedia":[{"embeddable":true,"href":"https:\/\/trzynasty.pl\/index.php\/wp-json\/wp\/v2\/media\/104836"}],"wp:attachment":[{"href":"https:\/\/trzynasty.pl\/index.php\/wp-json\/wp\/v2\/media?parent=104808"}],"wp:term":[{"taxonomy":"category","embeddable":true,"href":"https:\/\/trzynasty.pl\/index.php\/wp-json\/wp\/v2\/categories?post=104808"},{"taxonomy":"post_tag","embeddable":true,"href":"https:\/\/trzynasty.pl\/index.php\/wp-json\/wp\/v2\/tags?post=104808"}],"curies":[{"name":"wp","href":"https:\/\/api.w.org\/{rel}","templated":true}]}}