{"id":104721,"date":"2023-11-04T15:42:39","date_gmt":"2023-11-04T14:42:39","guid":{"rendered":"https:\/\/trzynasty.pl\/?p=104721"},"modified":"2024-03-15T15:57:12","modified_gmt":"2024-03-15T14:57:12","slug":"szkolenie-medyczne","status":"publish","type":"post","link":"https:\/\/trzynasty.pl\/index.php\/2023\/11\/04\/szkolenie-medyczne\/","title":{"rendered":"SZKOLENIE MEDYCZNE"},"content":{"rendered":"<p>[vc_row][vc_column][vc_column_text uncode_shortcode_id=&#8221;158828&#8243;]<\/p>\n<p class=\"western\" align=\"justify\"><span style=\"color: #050505;\"><span style=\"font-family: Arial, sans-serif;\"><span style=\"font-size: small;\">W s\u0142oneczny poranek 4 listopada 2023 r. w Wojew\u00f3dzkim Domu Kultury im. J\u00f3zefa Pi\u0142sudskiego w Kielcach odby\u0142o si\u0119 coroczne szkolenie z zakresu pierwszej pomocy przedmedycznej dla kadet\u00f3w Kieleckiego Szwadronu Kawalerii. Celem szkolenia by\u0142o podniesienie poziomu wiedzy i umiej\u0119tno\u015bci w zakresie udzielania pierwszej pomocy w razie wypadku, urazu, krwotoku oraz w celu ochrony \u017cycia lub zdrowia poszkodowanego. Zaj\u0119cia poprowadzi\u0142 wykwalifikowany ratownik medyczny firmy Enduro-Med, kt\u00f3ra wsp\u00f3\u0142pracuje z Szpitalnymi Oddzia\u0142ami Ratunkowymi w Kielcach. Program \u0107wicze\u0144 obejmowa\u0142 wyk\u0142ad po\u0142\u0105czony z pokazem oraz praktyczne \u0107wiczenia w zakresie udzielania pierwszej pomocy przedmedycznej. Dzi\u0119ki realizacji zaj\u0119\u0107 uczestnicy szkolenia nabyli niezb\u0119dn\u0105 wiedz\u0119 i umiej\u0119tno\u015bci, konieczne w przypadku udzielania pierwszej pomocy. <\/span><\/span><\/span><\/p>\n<p class=\"western\" align=\"justify\"><span style=\"color: #050505;\"><span style=\"font-family: Arial, sans-serif;\"><span style=\"font-size: small;\">Szkolenie ogniowe odby\u0142o si\u0119 w ramach projektu &#8222;U\u0142ani Werbuj\u0105&#8221; dofinansowanego z Narodowego Instytutu Wolno\u015bci &#8211; Program Rozwoju Organizacji Obywatelskich 2021 -2023<\/span><\/span><\/span><\/p>\n<p>[\/vc_column_text][vc_gallery el_id=&#8221;gallery-188905&#8243; medias=&#8221;104722,104723,104724,104725,104726,104727,104728,104729,104730,104731,104732,104733,104734&#8243; gutter_size=&#8221;3&#8243; screen_lg=&#8221;1000&#8243; screen_md=&#8221;600&#8243; screen_sm=&#8221;480&#8243; single_overlay_opacity=&#8221;50&#8243; single_padding=&#8221;2&#8243; uncode_shortcode_id=&#8221;205885&#8243;][\/vc_column][\/vc_row]<\/p>\n","protected":false},"excerpt":{"rendered":"<p>[vc_row][vc_column][vc_column_text uncode_shortcode_id=&#8221;158828&#8243;] W s\u0142oneczny poranek 4 listopada 2023 r. w Wojew\u00f3dzkim Domu Kultury im. J\u00f3zefa Pi\u0142sudskiego w Kielcach odby\u0142o si\u0119 [&hellip;]<\/p>\n","protected":false},"author":1,"featured_media":104732,"comment_status":"closed","ping_status":"closed","sticky":false,"template":"","format":"standard","meta":{"footnotes":""},"categories":[1],"tags":[],"class_list":["post-104721","post","type-post","status-publish","format-standard","has-post-thumbnail","hentry","category-bez-kategorii"],"_links":{"self":[{"href":"https:\/\/trzynasty.pl\/index.php\/wp-json\/wp\/v2\/posts\/104721","targetHints":{"allow":["GET"]}}],"collection":[{"href":"https:\/\/trzynasty.pl\/index.php\/wp-json\/wp\/v2\/posts"}],"about":[{"href":"https:\/\/trzynasty.pl\/index.php\/wp-json\/wp\/v2\/types\/post"}],"author":[{"embeddable":true,"href":"https:\/\/trzynasty.pl\/index.php\/wp-json\/wp\/v2\/users\/1"}],"replies":[{"embeddable":true,"href":"https:\/\/trzynasty.pl\/index.php\/wp-json\/wp\/v2\/comments?post=104721"}],"version-history":[{"count":2,"href":"https:\/\/trzynasty.pl\/index.php\/wp-json\/wp\/v2\/posts\/104721\/revisions"}],"predecessor-version":[{"id":104736,"href":"https:\/\/trzynasty.pl\/index.php\/wp-json\/wp\/v2\/posts\/104721\/revisions\/104736"}],"wp:featuredmedia":[{"embeddable":true,"href":"https:\/\/trzynasty.pl\/index.php\/wp-json\/wp\/v2\/media\/104732"}],"wp:attachment":[{"href":"https:\/\/trzynasty.pl\/index.php\/wp-json\/wp\/v2\/media?parent=104721"}],"wp:term":[{"taxonomy":"category","embeddable":true,"href":"https:\/\/trzynasty.pl\/index.php\/wp-json\/wp\/v2\/categories?post=104721"},{"taxonomy":"post_tag","embeddable":true,"href":"https:\/\/trzynasty.pl\/index.php\/wp-json\/wp\/v2\/tags?post=104721"}],"curies":[{"name":"wp","href":"https:\/\/api.w.org\/{rel}","templated":true}]}}