{"id":104653,"date":"2023-10-23T15:35:39","date_gmt":"2023-10-23T13:35:39","guid":{"rendered":"https:\/\/trzynasty.pl\/?p=104653"},"modified":"2024-03-15T15:40:27","modified_gmt":"2024-03-15T14:40:27","slug":"wielka-rewia-kawalerii-szkolenie-kawalerysjskie","status":"publish","type":"post","link":"https:\/\/trzynasty.pl\/index.php\/2023\/10\/23\/wielka-rewia-kawalerii-szkolenie-kawalerysjskie\/","title":{"rendered":"WIELKA REWIA KAWALERII &#8211; SZKOLENIE KAWALERYSJSKIE"},"content":{"rendered":"<p>[vc_row][vc_column][vc_column_text uncode_shortcode_id=&#8221;294465&#8243;]<\/p>\n<p align=\"justify\"><span style=\"font-family: Arial, sans-serif;\"><span style=\"font-size: small;\">W dniach 15-22 pa\u017adziernika 2023 roku kadeci Kieleckiego Szwadronu Kawalerii uczestniczyli w zaplanowanym szkoleniu kawaleryjskim. Szkolenie odby\u0142o si\u0119 na Krakowskich B\u0142onach na tydzie\u0144 przed wielkim og\u00f3lnopolskim kawaleryjskim wydarzeniem jakim by\u0142a Wielka Rewia Kawalerii. Szkolenie zorganizowa\u0142a Federacj\u0119 Kawalerii Ochotniczej &#8211; Centrum Wyszkolenia Kawalerii Ochotniczej z Toporzyska. Uczestnicy szkolenia podczas siedmiodniowego kursu podstawowego szkolili si\u0119 w cyklach ca\u0142odziennych. Dzie\u0144 rozpoczyna\u0142 si\u0119 o godzinie 6,00 i ko\u0144czy\u0142 o 20,00. Ka\u017cdego dnia odbywa\u0142y si\u0119 zaj\u0119cia z rekreacyjnej jazdy konnej i wojskowej. Zaj\u0119cia obejmowa\u0142y r\u00f3wnie\u017c prac\u0119 w stajni by\u0142y r\u00f3wnie\u017c zaj\u0119cia z umiej\u0119tno\u015bci w\u0142adania broni\u0105 bia\u0142a pieszo oraz na drewnianym koniu, musztry pieszej, troczenia siode\u0142 wojskowych, weterynarii, historii Kawalerii Polskie. Zaj\u0119cia prowadzone by\u0142y przez instruktor\u00f3w Kawalerii Ochotniczej. Trzeba przyzna\u0107, \u017ce szkolenie by\u0142o bardzo wymagaj\u0105ce a pogoda nie sprzyja\u0142a, ch\u0142odne poranki czasami pojawia\u0142 si\u0119 jesienny deszcz. Mimo niesprzyjaj\u0105cej aury nikt nie zrezygnowa\u0142 z obecno\u015bci na kursie. Kadeci wzajemnie si\u0119 wspierali co dodatkowo \u201escementowa\u0142o\u201d grup\u0119. W ostatnim dniu kursu odby\u0142a si\u0119 Wielka Rewia Kawalerii na kt\u00f3r\u0105 zjecha\u0142o ponad 200 koni z r\u00f3\u017cnych stowarzysze\u0144 kawaleryjskich. Kadeci mogli wymieni\u0107 si\u0119 z r\u00f3wie\u015bnikami z innych stowarzysze\u0144 kawaleryjskich swoimi nabytymi do\u015bwiadczeniami. Kadeci w ramach kursu brali udzia\u0142 we wszystkich towarzysz\u0105cych przedsi\u0119wzi\u0119ciach zwi\u0105zanych z Wielk\u0105 Rewi\u0105 Kawalerii m.in. w zawodach strzeleckich jak r\u00f3wnie\u017c wielkiej mszy \u015bwi\u0119tej na Wawelu co na d\u0142ugie lata zapisze si\u0119 w ich pami\u0119ci. <\/span><\/span><\/p>\n<p class=\"western\" align=\"justify\"><span style=\"font-family: Arial, sans-serif;\"><span style=\"font-size: small;\">Szkolenie kawaleryjskie odby\u0142o si\u0119 w ramach projektu &#8222;U\u0142ani Werbuj\u0105&#8221; dofinansowanego z Narodowego Instytutu Wolno\u015bci &#8211; Program Rozwoju Organizacji Obywatelskich 2018 -2030.<\/span><\/span><\/p>\n<p>\u00a0[\/vc_column_text][vc_gallery el_id=&#8221;gallery-188905&#8243; medias=&#8221;104654,104655,104656,104657,104658,104659,104660,104661,104662,104663,104664,104665,104666,104667,104668,104669,104670,104671,104672,104673,104674,104675,104676,104677,104678,104679,104680,104681,104682,104683,104684,104685,104686,104687,104688,104689,104690,104691,104692,104693,104694,104695,104696,104697,104698,104699,104700,104701,104702,104703,104704,104705,104706,104707,104708,104709,104710,104711,104712,104713,104714,104715&#8243; gutter_size=&#8221;3&#8243; screen_lg=&#8221;1000&#8243; screen_md=&#8221;600&#8243; screen_sm=&#8221;480&#8243; single_overlay_opacity=&#8221;50&#8243; single_padding=&#8221;2&#8243; uncode_shortcode_id=&#8221;111621&#8243;][\/vc_column][\/vc_row]<\/p>\n","protected":false},"excerpt":{"rendered":"<p>[vc_row][vc_column][vc_column_text uncode_shortcode_id=&#8221;294465&#8243;] W dniach 15-22 pa\u017adziernika 2023 roku kadeci Kieleckiego Szwadronu Kawalerii uczestniczyli w zaplanowanym szkoleniu kawaleryjskim. Szkolenie odby\u0142o si\u0119 [&hellip;]<\/p>\n","protected":false},"author":1,"featured_media":104714,"comment_status":"closed","ping_status":"closed","sticky":false,"template":"","format":"standard","meta":{"footnotes":""},"categories":[1],"tags":[],"class_list":["post-104653","post","type-post","status-publish","format-standard","has-post-thumbnail","hentry","category-bez-kategorii"],"_links":{"self":[{"href":"https:\/\/trzynasty.pl\/index.php\/wp-json\/wp\/v2\/posts\/104653","targetHints":{"allow":["GET"]}}],"collection":[{"href":"https:\/\/trzynasty.pl\/index.php\/wp-json\/wp\/v2\/posts"}],"about":[{"href":"https:\/\/trzynasty.pl\/index.php\/wp-json\/wp\/v2\/types\/post"}],"author":[{"embeddable":true,"href":"https:\/\/trzynasty.pl\/index.php\/wp-json\/wp\/v2\/users\/1"}],"replies":[{"embeddable":true,"href":"https:\/\/trzynasty.pl\/index.php\/wp-json\/wp\/v2\/comments?post=104653"}],"version-history":[{"count":1,"href":"https:\/\/trzynasty.pl\/index.php\/wp-json\/wp\/v2\/posts\/104653\/revisions"}],"predecessor-version":[{"id":104716,"href":"https:\/\/trzynasty.pl\/index.php\/wp-json\/wp\/v2\/posts\/104653\/revisions\/104716"}],"wp:featuredmedia":[{"embeddable":true,"href":"https:\/\/trzynasty.pl\/index.php\/wp-json\/wp\/v2\/media\/104714"}],"wp:attachment":[{"href":"https:\/\/trzynasty.pl\/index.php\/wp-json\/wp\/v2\/media?parent=104653"}],"wp:term":[{"taxonomy":"category","embeddable":true,"href":"https:\/\/trzynasty.pl\/index.php\/wp-json\/wp\/v2\/categories?post=104653"},{"taxonomy":"post_tag","embeddable":true,"href":"https:\/\/trzynasty.pl\/index.php\/wp-json\/wp\/v2\/tags?post=104653"}],"curies":[{"name":"wp","href":"https:\/\/api.w.org\/{rel}","templated":true}]}}