{"id":104638,"date":"2023-09-01T15:33:02","date_gmt":"2023-09-01T13:33:02","guid":{"rendered":"https:\/\/trzynasty.pl\/?p=104638"},"modified":"2024-03-15T15:35:15","modified_gmt":"2024-03-15T14:35:15","slug":"84-rocznica-wybuchu-ii-wojny-swiatowej-1-wrzesnia-2023","status":"publish","type":"post","link":"https:\/\/trzynasty.pl\/index.php\/2023\/09\/01\/84-rocznica-wybuchu-ii-wojny-swiatowej-1-wrzesnia-2023\/","title":{"rendered":"84. ROCZNICA WYBUCHU II WOJNY \u015aWIATOWEJ &#8211; 1 WRZE\u015aNIA 2023"},"content":{"rendered":"<p>[vc_row][vc_column][vc_column_text uncode_shortcode_id=&#8221;122550&#8243;]<\/p>\n<p align=\"justify\"><span style=\"font-family: Arial, sans-serif;\"><span style=\"font-size: small;\">Jak w roku ubieg\u0142ym kadeci Kieleckiego Szwadronu Kawalerii wzi\u0119li udzia\u0142 w wojew\u00f3dzkich obchodach 84. rocznica wybuchu II Wojny \u015awiatowej. Uroczysto\u015b\u0107 odby\u0142a si\u0119 na Cmentarzu Wojska Polskiego, przy pomniku \u017bo\u0142nierzy Wrze\u015bnia 1939 roku w Kielcach. Organizatorami tegorocznej uroczysto\u015bci byli Urz\u0105d Marsza\u0142kowski Wojew\u00f3dztwa \u015awi\u0119tokrzyskiego i Wojew\u00f3dzki Dom Kultury w Kielcach. Podczas uroczysto\u015bci asyst\u0119 wojskow\u0105 wystawi\u0142o Centrum Przygotowa\u0144 do Misji Zagranicznych z Kielc, opraw\u0119 muzyczn\u0105 zapewni\u0142a Marsza\u0142kowska Orkiestra D\u0119ta Wojew\u00f3dztwa \u015awi\u0119tokrzyskiego. W uroczysto\u015bci wzi\u0119li udzia\u0142 przedstawiciele w\u0142adz wojew\u00f3dzkich i samorz\u0105dowych, komendanci wojew\u00f3dzcy i miejscy \u015bwi\u0119tokrzyskiej policji, stra\u017cy po\u017carnej, \u015awi\u0119tokrzyskiej Brygady Wojsk Obrony Terytorialnej, przedstawiciele organizacji kombatanckich i os\u00f3b represjonowanych i harcerze. <\/span><\/span><\/p>\n<p align=\"justify\"><span style=\"color: #0000ff;\"><u><a href=\"https:\/\/www.kielce.eu\/pl\/aktualnosci\/84-rocznica-wybuchu-ii-wojny-swiatowej-2.html\"><span style=\"color: #000000;\"><span style=\"font-family: Arial, sans-serif;\"><span style=\"font-size: small;\">https:\/\/www.kielce.eu\/pl\/aktualnosci\/84-rocznica-wybuchu-ii-wojny-swiatowej-2.html<\/span><\/span><\/span><\/a><\/u><\/span><\/p>\n<p align=\"justify\"><span style=\"color: #0000ff;\"><u><a href=\"https:\/\/radiokielce.pl\/1093050\/84-rocznica-wybuchu-ii-wojny-swiatowej\/\"><span style=\"color: #000000;\"><span style=\"font-family: Arial, sans-serif;\"><span style=\"font-size: small;\">https:\/\/radiokielce.pl\/1093050\/84-rocznica-wybuchu-ii-wojny-swiatowej\/<\/span><\/span><\/span><\/a><\/u><\/span><\/p>\n<p>[\/vc_column_text][vc_gallery el_id=&#8221;gallery-188905&#8243; medias=&#8221;104639,104640,104641,104642,104643,104644,104645,104646,104647,104648,104649,104650&#8243; gutter_size=&#8221;3&#8243; screen_lg=&#8221;1000&#8243; screen_md=&#8221;600&#8243; screen_sm=&#8221;480&#8243; single_overlay_opacity=&#8221;50&#8243; single_padding=&#8221;2&#8243; uncode_shortcode_id=&#8221;284475&#8243;][\/vc_column][\/vc_row]<\/p>\n","protected":false},"excerpt":{"rendered":"<p>[vc_row][vc_column][vc_column_text uncode_shortcode_id=&#8221;122550&#8243;] Jak w roku ubieg\u0142ym kadeci Kieleckiego Szwadronu Kawalerii wzi\u0119li udzia\u0142 w wojew\u00f3dzkich obchodach 84. rocznica wybuchu II Wojny [&hellip;]<\/p>\n","protected":false},"author":1,"featured_media":104641,"comment_status":"closed","ping_status":"closed","sticky":false,"template":"","format":"standard","meta":{"footnotes":""},"categories":[1],"tags":[],"class_list":["post-104638","post","type-post","status-publish","format-standard","has-post-thumbnail","hentry","category-bez-kategorii"],"_links":{"self":[{"href":"https:\/\/trzynasty.pl\/index.php\/wp-json\/wp\/v2\/posts\/104638","targetHints":{"allow":["GET"]}}],"collection":[{"href":"https:\/\/trzynasty.pl\/index.php\/wp-json\/wp\/v2\/posts"}],"about":[{"href":"https:\/\/trzynasty.pl\/index.php\/wp-json\/wp\/v2\/types\/post"}],"author":[{"embeddable":true,"href":"https:\/\/trzynasty.pl\/index.php\/wp-json\/wp\/v2\/users\/1"}],"replies":[{"embeddable":true,"href":"https:\/\/trzynasty.pl\/index.php\/wp-json\/wp\/v2\/comments?post=104638"}],"version-history":[{"count":2,"href":"https:\/\/trzynasty.pl\/index.php\/wp-json\/wp\/v2\/posts\/104638\/revisions"}],"predecessor-version":[{"id":104652,"href":"https:\/\/trzynasty.pl\/index.php\/wp-json\/wp\/v2\/posts\/104638\/revisions\/104652"}],"wp:featuredmedia":[{"embeddable":true,"href":"https:\/\/trzynasty.pl\/index.php\/wp-json\/wp\/v2\/media\/104641"}],"wp:attachment":[{"href":"https:\/\/trzynasty.pl\/index.php\/wp-json\/wp\/v2\/media?parent=104638"}],"wp:term":[{"taxonomy":"category","embeddable":true,"href":"https:\/\/trzynasty.pl\/index.php\/wp-json\/wp\/v2\/categories?post=104638"},{"taxonomy":"post_tag","embeddable":true,"href":"https:\/\/trzynasty.pl\/index.php\/wp-json\/wp\/v2\/tags?post=104638"}],"curies":[{"name":"wp","href":"https:\/\/api.w.org\/{rel}","templated":true}]}}