{"id":104609,"date":"2023-08-20T14:49:27","date_gmt":"2023-08-20T12:49:27","guid":{"rendered":"https:\/\/trzynasty.pl\/?p=104609"},"modified":"2024-03-15T15:14:10","modified_gmt":"2024-03-15T14:14:10","slug":"sentymentalna-wycieczka-do-kawaleryjskiej-alma-mater-do-grudziadza","status":"publish","type":"post","link":"https:\/\/trzynasty.pl\/index.php\/2023\/08\/20\/sentymentalna-wycieczka-do-kawaleryjskiej-alma-mater-do-grudziadza\/","title":{"rendered":"SENTYMENTALNA WYCIECZKA DO KAWALERYJSKIEJ ALMA MATER DO GRUDZI\u0104DZA"},"content":{"rendered":"<p>[vc_row][vc_column][vc_column_text uncode_shortcode_id=&#8221;100955&#8243;]<\/p>\n<p align=\"justify\"><span style=\"font-family: Arial, sans-serif;\">W dniu 20 sierpnia 2024 r. na zaproszenie Fundacji na Rzecz Tradycji Jazd Polskiej <\/span><\/p>\n<p align=\"justify\"><span style=\"font-family: Arial, sans-serif;\">W Grudzi\u0105dzu kadeci Kieleckiego Szwadronu Kawalerii wzi\u0119li udzia\u0142 w drugim dniu XXXIV Zjazdu Kawalerzyst\u00f3w. W tegorocznym Zje\u017adzie uczestniczy\u0142o ponad 100 os\u00f3b z kraju i z zagranicy, a tak\u017ce licznie mieszka\u0144cy Grudzi\u0105dza i regionu kujawsko-pomorskiego, kawalerzy\u015bci ochotnicy. Go\u015bciem honorowym Zjazdu by\u0142a pani Joanna Jastrz\u0119bska &#8211; Wonikowska, c\u00f3rka rtm. Wac\u0142awa Jastrz\u0119bskiego z 18. Pu\u0142ku U\u0142an\u00f3w Pomorskich.<\/span><\/p>\n<p align=\"justify\"><span style=\"font-family: Arial, sans-serif;\">Drugi dzie\u0144 Zjazdu rozpocz\u0105\u0142 przemarsz koni kawaleryjskich ulicami Grudzi\u0105dza na B\u0142onia Nadwi\u015bla\u0144skie, gdzie odby\u0142y si\u0119 pokazy kawaleryjskie w wykonaniu Szwadronu Kawalerii Wojska Polskiego. Pokaz wzbudzi\u0142 zachwyt, tym bardziej, \u017ce wszystko odbywa\u0142o si\u0119 w niemi\u0142osiernym upale. Po pokazie Szwadronu Kawalerii WP na B\u0142onia Nadwi\u015bla\u0144skie wesz\u0142a Orkiestra Wojskowa z Bydgoszczy, kt\u00f3ra wykona\u0142a koncert pie\u015bni WP. Podczas pobytu w Grudzi\u0105dzu kadeci zwiedzili Muzeum im. ks. dr. W\u0142adys\u0142awa \u0141\u0119gi w kt\u00f3rym zwiedzili m.in. Wystaw\u0119 sta\u0142\u0105 pn. \u201eCentrum Wyszkolenia Kawalerii w Grudzi\u0105dzu 1920-1939\u201d. Wystawa po\u015bwi\u0119cona jest zagadnieniom zwi\u0105zanymi z histori\u0105 Centrum Wyszkolenia Kawalerii \u2013 \u201ekolebk\u0105 kawalerii polskiej\u201d, je\u017adziectwem i sportami konnymi. Kadeci zapoznali si\u0119 z obyczajami jakie panowa\u0142y w Centrum Wyszkolenia Kawalerii. Us\u0142yszeli wiele interesuj\u0105cych informacji na temat podchor\u0105\u017cych, kt\u00f3rzy byli s\u0142uchaczami tej jedynej jak na tamte czasy elitarnej uczelni, kt\u00f3ra kszta\u0142ci\u0142a \u017co\u0142nierzy na przysz\u0142ych oficer\u00f3w kawalerii II RP. Kadeci mogli r\u00f3wnie\u017c obejrze\u0107 oryginalny sprz\u0119t kawaleryjski okresu II RP i kampanii jesiennej 1939 r. W dalszej cz\u0119\u015bci wizyty, w Grudzi\u0105dzu zwiedzili\u015bmy Sal\u0119 Tradycji 8. Grudzi\u0105dzkiego Batalionu Walki Radioelektronicznej im. gen. bryg. Zygmunta Podhorskiego, kt\u00f3ry znajduje si\u0119 w przedwojennych budynkach Centrum Wyszkolenia Kawalerii w Grudzi\u0105dzu. <\/span><\/p>\n<p align=\"justify\"><span style=\"font-family: Arial, sans-serif;\">Wycieczka do Grudzi\u0105dza odby\u0142a si\u0119 w ramach projektu &#8222;U\u0142ani Werbuj\u0105&#8221; dofinansowanego z Narodowego Instytutu Wolno\u015bci &#8211; Program Rozwoju Organizacji Obywatelskich 2018 -2030.<\/span><\/p>\n<p>[\/vc_column_text][vc_gallery el_id=&#8221;gallery-188905&#8243; medias=&#8221;104610,104611,104612,104613,104614,104615,104616,104617,104618,104619,104620,104621,104623,104624,104625,104626,104627,104628,104629,104630,104631,104632,104633,104634,104635&#8243; gutter_size=&#8221;3&#8243; screen_lg=&#8221;1000&#8243; screen_md=&#8221;600&#8243; screen_sm=&#8221;480&#8243; single_overlay_opacity=&#8221;50&#8243; single_padding=&#8221;2&#8243; uncode_shortcode_id=&#8221;195967&#8243;][\/vc_column][\/vc_row]<\/p>\n","protected":false},"excerpt":{"rendered":"<p>[vc_row][vc_column][vc_column_text uncode_shortcode_id=&#8221;100955&#8243;] W dniu 20 sierpnia 2024 r. na zaproszenie Fundacji na Rzecz Tradycji Jazd Polskiej W Grudzi\u0105dzu kadeci Kieleckiego [&hellip;]<\/p>\n","protected":false},"author":1,"featured_media":104626,"comment_status":"closed","ping_status":"closed","sticky":false,"template":"","format":"standard","meta":{"footnotes":""},"categories":[1],"tags":[],"class_list":["post-104609","post","type-post","status-publish","format-standard","has-post-thumbnail","hentry","category-bez-kategorii"],"_links":{"self":[{"href":"https:\/\/trzynasty.pl\/index.php\/wp-json\/wp\/v2\/posts\/104609","targetHints":{"allow":["GET"]}}],"collection":[{"href":"https:\/\/trzynasty.pl\/index.php\/wp-json\/wp\/v2\/posts"}],"about":[{"href":"https:\/\/trzynasty.pl\/index.php\/wp-json\/wp\/v2\/types\/post"}],"author":[{"embeddable":true,"href":"https:\/\/trzynasty.pl\/index.php\/wp-json\/wp\/v2\/users\/1"}],"replies":[{"embeddable":true,"href":"https:\/\/trzynasty.pl\/index.php\/wp-json\/wp\/v2\/comments?post=104609"}],"version-history":[{"count":2,"href":"https:\/\/trzynasty.pl\/index.php\/wp-json\/wp\/v2\/posts\/104609\/revisions"}],"predecessor-version":[{"id":104637,"href":"https:\/\/trzynasty.pl\/index.php\/wp-json\/wp\/v2\/posts\/104609\/revisions\/104637"}],"wp:featuredmedia":[{"embeddable":true,"href":"https:\/\/trzynasty.pl\/index.php\/wp-json\/wp\/v2\/media\/104626"}],"wp:attachment":[{"href":"https:\/\/trzynasty.pl\/index.php\/wp-json\/wp\/v2\/media?parent=104609"}],"wp:term":[{"taxonomy":"category","embeddable":true,"href":"https:\/\/trzynasty.pl\/index.php\/wp-json\/wp\/v2\/categories?post=104609"},{"taxonomy":"post_tag","embeddable":true,"href":"https:\/\/trzynasty.pl\/index.php\/wp-json\/wp\/v2\/tags?post=104609"}],"curies":[{"name":"wp","href":"https:\/\/api.w.org\/{rel}","templated":true}]}}