{"id":104546,"date":"2023-05-15T13:51:55","date_gmt":"2023-05-15T11:51:55","guid":{"rendered":"https:\/\/trzynasty.pl\/?p=104546"},"modified":"2024-03-15T13:56:30","modified_gmt":"2024-03-15T12:56:30","slug":"104546","status":"publish","type":"post","link":"https:\/\/trzynasty.pl\/index.php\/2023\/05\/15\/104546\/","title":{"rendered":"KIELECKIE OBCHODY TRZECIEGO MAJA"},"content":{"rendered":"<p>[vc_row][vc_column][vc_column_text uncode_shortcode_id=&#8221;208386&#8243;]<\/p>\n<p class=\"western\"><span style=\"color: #050505;\"><span style=\"font-family: Arial, sans-serif;\">\u015awi\u0119to Narodowe Trzeciego Maja to, po \u015awi\u0119cie Odzyskania Niepodleg\u0142o\u015bci, najwa\u017cniejsza uroczysto\u015b\u0107 patriotyczna w roku. W tym roku Kielecki Szwadron Kawalerii im. 13. Pu\u0142ku U\u0142an\u00f3w Wile\u0144skich wystawi\u0142 pododdzia\u0142 pieszy oraz sekcj\u0119 konn\u0105, kt\u00f3re przemaszerowa\u0142y ulicami Kielc. Z flagami i wierzchem stawili\u015bmy si\u0119 za pomnikiem Stanis\u0142awa Staszica w parku miejskim w Kielcach, tworz\u0105c barwn\u0105 i widowiskow\u0105 opraw\u0119 uroczysto\u015bci wojew\u00f3dzkich.<\/span><\/span><\/p>\n<p class=\"western\"><span style=\"color: #050505;\"><span style=\"font-family: Arial, sans-serif;\">Wi\u0119cej: <\/span><\/span><u><a href=\"https:\/\/radiokielce.pl\/1045260\/politycy-w-swieto-konstytucji-3-maja\/?fbclid=IwAR2adiL0pcHJL_-aPc9NhAlZcDlhl-j4t1jHBwSrL6WJIf2ymAwz3-qe8gw\" target=\"_blank\" rel=\"noopener\"><span style=\"font-family: Arial, sans-serif;\"><span style=\"color: #0000ff;\">https:\/\/radiokielce.pl\/&#8230;\/politycy-w-swieto-konstytucji&#8230;\/<\/span><\/span><\/a><\/u><\/p>\n<p>[\/vc_column_text][vc_gallery el_id=&#8221;gallery-188905&#8243; medias=&#8221;104547,104548,104549,104550,104551,104552,104553,104554,104555,104556,104557&#8243; gutter_size=&#8221;3&#8243; screen_lg=&#8221;1000&#8243; screen_md=&#8221;600&#8243; screen_sm=&#8221;480&#8243; single_overlay_opacity=&#8221;50&#8243; single_padding=&#8221;2&#8243; uncode_shortcode_id=&#8221;727828&#8243;][\/vc_column][\/vc_row]<\/p>\n","protected":false},"excerpt":{"rendered":"<p>[vc_row][vc_column][vc_column_text uncode_shortcode_id=&#8221;208386&#8243;] \u015awi\u0119to Narodowe Trzeciego Maja to, po \u015awi\u0119cie Odzyskania Niepodleg\u0142o\u015bci, najwa\u017cniejsza uroczysto\u015b\u0107 patriotyczna w roku. W tym roku Kielecki [&hellip;]<\/p>\n","protected":false},"author":1,"featured_media":104547,"comment_status":"closed","ping_status":"closed","sticky":false,"template":"","format":"standard","meta":{"footnotes":""},"categories":[1],"tags":[],"class_list":["post-104546","post","type-post","status-publish","format-standard","has-post-thumbnail","hentry","category-bez-kategorii"],"_links":{"self":[{"href":"https:\/\/trzynasty.pl\/index.php\/wp-json\/wp\/v2\/posts\/104546","targetHints":{"allow":["GET"]}}],"collection":[{"href":"https:\/\/trzynasty.pl\/index.php\/wp-json\/wp\/v2\/posts"}],"about":[{"href":"https:\/\/trzynasty.pl\/index.php\/wp-json\/wp\/v2\/types\/post"}],"author":[{"embeddable":true,"href":"https:\/\/trzynasty.pl\/index.php\/wp-json\/wp\/v2\/users\/1"}],"replies":[{"embeddable":true,"href":"https:\/\/trzynasty.pl\/index.php\/wp-json\/wp\/v2\/comments?post=104546"}],"version-history":[{"count":3,"href":"https:\/\/trzynasty.pl\/index.php\/wp-json\/wp\/v2\/posts\/104546\/revisions"}],"predecessor-version":[{"id":104559,"href":"https:\/\/trzynasty.pl\/index.php\/wp-json\/wp\/v2\/posts\/104546\/revisions\/104559"}],"wp:featuredmedia":[{"embeddable":true,"href":"https:\/\/trzynasty.pl\/index.php\/wp-json\/wp\/v2\/media\/104547"}],"wp:attachment":[{"href":"https:\/\/trzynasty.pl\/index.php\/wp-json\/wp\/v2\/media?parent=104546"}],"wp:term":[{"taxonomy":"category","embeddable":true,"href":"https:\/\/trzynasty.pl\/index.php\/wp-json\/wp\/v2\/categories?post=104546"},{"taxonomy":"post_tag","embeddable":true,"href":"https:\/\/trzynasty.pl\/index.php\/wp-json\/wp\/v2\/tags?post=104546"}],"curies":[{"name":"wp","href":"https:\/\/api.w.org\/{rel}","templated":true}]}}