{"id":104536,"date":"2023-03-15T13:44:47","date_gmt":"2023-03-15T12:44:47","guid":{"rendered":"https:\/\/trzynasty.pl\/?p=104536"},"modified":"2024-03-15T13:50:29","modified_gmt":"2024-03-15T12:50:29","slug":"wojewodzkie-obchody-narodowego-dnia-pamieci-zolnierzy-wykletych","status":"publish","type":"post","link":"https:\/\/trzynasty.pl\/index.php\/2023\/03\/15\/wojewodzkie-obchody-narodowego-dnia-pamieci-zolnierzy-wykletych\/","title":{"rendered":"WOJEW\u00d3DZKIE OBCHODY NARODOWEGO DNIA PAMI\u0118CI \u017bO\u0141NIERZY &#8222;WYKL\u0118TYCH&#8221;"},"content":{"rendered":"<p>[vc_row][vc_column][vc_column_text uncode_shortcode_id=&#8221;840857&#8243;]<\/p>\n<p class=\"western\" style=\"text-align: left;\" align=\"justify\"><span style=\"font-family: Arial, sans-serif;\">Przypadaj\u0105cy 1 marca Narodowy Dzie\u0144 Pami\u0119ci \u017bo\u0142nierzy &#8222;Wykl\u0119tych&#8221; ma szczeg\u00f3lne miejsce w polskim kalendarzu patriotycznym. To \u015bwi\u0119to ma przypomina\u0107 o tych niez\u0142omnych, kt\u00f3rzy mimo beznadziei sytuacji w kt\u00f3rej si\u0119 znale\u017ali, potrafili znale\u017a\u0107 w sobie ducha i nie z\u0142ama\u0107 raz danego s\u0142owa. Kadeci i u\u0142ani Kieleckiego Ochotniczego Szwadronu Kawalerii wzi\u0119li udzia\u0142 w wojew\u00f3dzkiej uroczysto\u015bci przed Pomnikiem Armii Krajowej.<\/span><\/p>\n<p>[\/vc_column_text][vc_gallery el_id=&#8221;gallery-188905&#8243; medias=&#8221;104537,104538,104539,104540,104541,104542&#8243; gutter_size=&#8221;3&#8243; screen_lg=&#8221;1000&#8243; screen_md=&#8221;600&#8243; screen_sm=&#8221;480&#8243; single_overlay_opacity=&#8221;50&#8243; single_padding=&#8221;2&#8243; uncode_shortcode_id=&#8221;100048&#8243;][\/vc_column][\/vc_row]<\/p>\n","protected":false},"excerpt":{"rendered":"<p>[vc_row][vc_column][vc_column_text uncode_shortcode_id=&#8221;840857&#8243;] Przypadaj\u0105cy 1 marca Narodowy Dzie\u0144 Pami\u0119ci \u017bo\u0142nierzy &#8222;Wykl\u0119tych&#8221; ma szczeg\u00f3lne miejsce w polskim kalendarzu patriotycznym. To \u015bwi\u0119to ma [&hellip;]<\/p>\n","protected":false},"author":1,"featured_media":104541,"comment_status":"closed","ping_status":"closed","sticky":false,"template":"","format":"standard","meta":{"footnotes":""},"categories":[1],"tags":[],"class_list":["post-104536","post","type-post","status-publish","format-standard","has-post-thumbnail","hentry","category-bez-kategorii"],"_links":{"self":[{"href":"https:\/\/trzynasty.pl\/index.php\/wp-json\/wp\/v2\/posts\/104536","targetHints":{"allow":["GET"]}}],"collection":[{"href":"https:\/\/trzynasty.pl\/index.php\/wp-json\/wp\/v2\/posts"}],"about":[{"href":"https:\/\/trzynasty.pl\/index.php\/wp-json\/wp\/v2\/types\/post"}],"author":[{"embeddable":true,"href":"https:\/\/trzynasty.pl\/index.php\/wp-json\/wp\/v2\/users\/1"}],"replies":[{"embeddable":true,"href":"https:\/\/trzynasty.pl\/index.php\/wp-json\/wp\/v2\/comments?post=104536"}],"version-history":[{"count":2,"href":"https:\/\/trzynasty.pl\/index.php\/wp-json\/wp\/v2\/posts\/104536\/revisions"}],"predecessor-version":[{"id":104544,"href":"https:\/\/trzynasty.pl\/index.php\/wp-json\/wp\/v2\/posts\/104536\/revisions\/104544"}],"wp:featuredmedia":[{"embeddable":true,"href":"https:\/\/trzynasty.pl\/index.php\/wp-json\/wp\/v2\/media\/104541"}],"wp:attachment":[{"href":"https:\/\/trzynasty.pl\/index.php\/wp-json\/wp\/v2\/media?parent=104536"}],"wp:term":[{"taxonomy":"category","embeddable":true,"href":"https:\/\/trzynasty.pl\/index.php\/wp-json\/wp\/v2\/categories?post=104536"},{"taxonomy":"post_tag","embeddable":true,"href":"https:\/\/trzynasty.pl\/index.php\/wp-json\/wp\/v2\/tags?post=104536"}],"curies":[{"name":"wp","href":"https:\/\/api.w.org\/{rel}","templated":true}]}}