{"id":104532,"date":"2023-01-15T13:43:19","date_gmt":"2023-01-15T12:43:19","guid":{"rendered":"https:\/\/trzynasty.pl\/?p=104532"},"modified":"2024-03-15T13:51:48","modified_gmt":"2024-03-15T12:51:48","slug":"ulani-werbuja-2","status":"publish","type":"post","link":"https:\/\/trzynasty.pl\/index.php\/2023\/01\/15\/ulani-werbuja-2\/","title":{"rendered":"U\u0141ANI WERBUJ\u0104!"},"content":{"rendered":"<p>[vc_row][vc_column][vc_column_text uncode_shortcode_id=&#8221;172024&#8243;]<\/p>\n<p class=\"western\" style=\"text-align: left;\" align=\"justify\"><span style=\"font-family: Arial, sans-serif;\">Wszyscy ludzie rodz\u0105 si\u0119 wolni i r\u00f3wni ale tylko niekt\u00f3rzy zostaj\u0105 kawalerzystami!<\/span><\/p>\n<p class=\"western\" style=\"text-align: left;\" align=\"justify\"><span style=\"font-family: Arial, sans-serif;\">Kielecki Ochotniczy Szwadron Kawalerii im. 13. Pu\u0142ku U\u0142an\u00f3w Wile\u0144skich poszukuje natychmiast o\u015bmiu aktywnych, inteligentnych, sprawnych fizycznie, nie\u017conatych m\u0119\u017cczyzn w wieku od 16 do 25 lat, nie mniej ni\u017c 5 st\u00f3p i 4 1\/2 cala wzrostu, dobrego charakteru oraz zdrowia do uzupe\u0142nienia szwadronu kawalerii w barwach 13. Pu\u0142ku U\u0142an\u00f3w Wile\u0144skich.<\/span><\/p>\n<p class=\"western\" style=\"text-align: left;\" align=\"justify\"><span style=\"font-family: Arial, sans-serif;\">W ramach s\u0142u\u017cby: <\/span><\/p>\n<p class=\"western\" style=\"text-align: left;\" align=\"justify\"><span style=\"font-family: Arial, sans-serif;\">Otrzymasz umundurowanie, nauczysz si\u0119 je\u017adzi\u0107 konno w szykach kawaleryjskich, w\u0142ada\u0107 szabl\u0105 i lanc\u0105 konno. Przejdziesz szkolenia strzeleckie i ratownictwa medycznego. Poznasz og\u00f3lne zasady prowadzenia rozpoznania, terenoznawstwa, przetrwania w warunkach \u015brodowiska naturalnego\u2026. Odwiedzisz przedwojenny Garnizon 13. Pu\u0142ku U\u0142an\u00f3w Wile\u0144skich w Nowej Wilejce na Litwie oraz najwa\u017cniejsze muzea zwi\u0105zane z Kawaleri\u0105 II RP. We\u017amiesz udzia\u0142 w najwi\u0119kszych rekonstrukcjach historycznych i uroczysto\u015bciach patriotycznych w Polsce. Odb\u0119dziesz szkolenia w elitarnych jednostkach Wojska Polskiego. Wsp\u00f3lnie nagramy 7 film\u00f3w dotycz\u0105cych historii i tradycji Kawalerii Polskiej w XX wieku.<\/span><\/p>\n<p class=\"western\" style=\"text-align: left;\" align=\"justify\"><span style=\"font-family: Arial, sans-serif;\">Nie zwlekaj &#8211; z\u0142\u00f3\u017c wniosek w siedzibie Kieleckiego Szwadronu Kawalerii \u2013 Wojew\u00f3dzki Dom Kultury im. J\u00f3zefa Pi\u0142sudskiego, ul. \u015aciegiennego 2 w Kielcach, nr pokoju 5 lub skontaktuj si\u0119 z oficerem rekrutacyjnym drog\u0105 elektroniczn\u0105: rotmistrz@onet.eu <\/span><\/p>\n<p class=\"western\" style=\"text-align: left;\" align=\"justify\"><span style=\"font-family: Arial, sans-serif;\">Projekt \u201eU\u0142ani werbuj\u0105\u201d sfinansowany przez Narodowy Instytut Wolno\u015bci &#8211; Centrum Rozwoju Spo\u0142ecze\u0144stwa Obywatelskiego ze \u015brodk\u00f3w Programu Rozwoju Organizacji Obywatelskich na lata 2018 \u2013 2030<\/span><\/p>\n<p>[\/vc_column_text][vc_gallery el_id=&#8221;gallery-188905&#8243; medias=&#8221;104533&#8243; gutter_size=&#8221;3&#8243; screen_lg=&#8221;1000&#8243; screen_md=&#8221;600&#8243; screen_sm=&#8221;480&#8243; single_overlay_opacity=&#8221;50&#8243; single_padding=&#8221;2&#8243; uncode_shortcode_id=&#8221;111224&#8243;][\/vc_column][\/vc_row]<\/p>\n","protected":false},"excerpt":{"rendered":"<p>[vc_row][vc_column][vc_column_text uncode_shortcode_id=&#8221;172024&#8243;] Wszyscy ludzie rodz\u0105 si\u0119 wolni i r\u00f3wni ale tylko niekt\u00f3rzy zostaj\u0105 kawalerzystami! Kielecki Ochotniczy Szwadron Kawalerii im. 13. [&hellip;]<\/p>\n","protected":false},"author":1,"featured_media":104533,"comment_status":"closed","ping_status":"closed","sticky":false,"template":"","format":"standard","meta":{"footnotes":""},"categories":[1],"tags":[],"class_list":["post-104532","post","type-post","status-publish","format-standard","has-post-thumbnail","hentry","category-bez-kategorii"],"_links":{"self":[{"href":"https:\/\/trzynasty.pl\/index.php\/wp-json\/wp\/v2\/posts\/104532","targetHints":{"allow":["GET"]}}],"collection":[{"href":"https:\/\/trzynasty.pl\/index.php\/wp-json\/wp\/v2\/posts"}],"about":[{"href":"https:\/\/trzynasty.pl\/index.php\/wp-json\/wp\/v2\/types\/post"}],"author":[{"embeddable":true,"href":"https:\/\/trzynasty.pl\/index.php\/wp-json\/wp\/v2\/users\/1"}],"replies":[{"embeddable":true,"href":"https:\/\/trzynasty.pl\/index.php\/wp-json\/wp\/v2\/comments?post=104532"}],"version-history":[{"count":1,"href":"https:\/\/trzynasty.pl\/index.php\/wp-json\/wp\/v2\/posts\/104532\/revisions"}],"predecessor-version":[{"id":104534,"href":"https:\/\/trzynasty.pl\/index.php\/wp-json\/wp\/v2\/posts\/104532\/revisions\/104534"}],"wp:featuredmedia":[{"embeddable":true,"href":"https:\/\/trzynasty.pl\/index.php\/wp-json\/wp\/v2\/media\/104533"}],"wp:attachment":[{"href":"https:\/\/trzynasty.pl\/index.php\/wp-json\/wp\/v2\/media?parent=104532"}],"wp:term":[{"taxonomy":"category","embeddable":true,"href":"https:\/\/trzynasty.pl\/index.php\/wp-json\/wp\/v2\/categories?post=104532"},{"taxonomy":"post_tag","embeddable":true,"href":"https:\/\/trzynasty.pl\/index.php\/wp-json\/wp\/v2\/tags?post=104532"}],"curies":[{"name":"wp","href":"https:\/\/api.w.org\/{rel}","templated":true}]}}