{"id":104505,"date":"0202-03-01T14:34:20","date_gmt":"0202-03-01T13:10:20","guid":{"rendered":"https:\/\/trzynasty.pl\/?p=104505"},"modified":"2023-01-20T14:36:10","modified_gmt":"2023-01-20T13:36:10","slug":"narodowy-dzien-pamieci-zolnierzy-wykletych","status":"publish","type":"post","link":"https:\/\/trzynasty.pl\/index.php\/0202\/03\/01\/narodowy-dzien-pamieci-zolnierzy-wykletych\/","title":{"rendered":"NARODOWY DZIE\u0143 PAMI\u0118CI \u017bO\u0141NIERZY WYKL\u0118TYCH"},"content":{"rendered":"<p>[vc_row][vc_column][vc_column_text uncode_shortcode_id=&#8221;105995&#8243;]<strong>NARODOWY DZIE\u0143 PAMI\u0118CI \u017bO\u0141NIERZY WYKL\u0118TYCH<\/strong><\/p>\n<p>1 marca w Narodowy Dzie\u0144 Pami\u0119ci \u017bo\u0142nierzy Wykl\u0119tych u\u0142ani i kadeci brali udzia\u0142 w wojew\u00f3dzkich obchodach \u015bwi\u0119ta. Uroczysto\u015bci rozpocz\u0119\u0142y si\u0119 uroczystym z\u0142o\u017ceniem kwiat\u00f3w pod pomnikiem AK, nast\u0119pnie delegacje uda\u0142y si\u0119 na cmentarz, na kielecki Piaski, aby tam pomodli\u0107 si\u0119 przy mogile zamordowanych \u017co\u0142nierzy walcz\u0105cych o Woln\u0105 Polsk\u0119. W tym roku po raz pierwszy Szwadron wystawi\u0142 wart\u0119 honorow\u0105 z\u0142o\u017con\u0105 wy\u0142\u0105cznie z nowo przyj\u0119tych i przeszkolonych kadet\u00f3w.[\/vc_column_text][vc_gallery el_id=&#8221;gallery-188905&#8243; gutter_size=&#8221;3&#8243; screen_lg=&#8221;1000&#8243; screen_md=&#8221;600&#8243; screen_sm=&#8221;480&#8243; single_overlay_opacity=&#8221;50&#8243; single_padding=&#8221;2&#8243; uncode_shortcode_id=&#8221;271319&#8243;][\/vc_column][\/vc_row]<\/p>\n","protected":false},"excerpt":{"rendered":"<p>[vc_row][vc_column][vc_column_text uncode_shortcode_id=&#8221;105995&#8243;]NARODOWY DZIE\u0143 PAMI\u0118CI \u017bO\u0141NIERZY WYKL\u0118TYCH 1 marca w Narodowy Dzie\u0144 Pami\u0119ci \u017bo\u0142nierzy Wykl\u0119tych u\u0142ani i kadeci brali udzia\u0142 w [&hellip;]<\/p>\n","protected":false},"author":1,"featured_media":0,"comment_status":"closed","ping_status":"closed","sticky":false,"template":"","format":"standard","meta":{"footnotes":""},"categories":[1],"tags":[],"class_list":["post-104505","post","type-post","status-publish","format-standard","hentry","category-bez-kategorii"],"_links":{"self":[{"href":"https:\/\/trzynasty.pl\/index.php\/wp-json\/wp\/v2\/posts\/104505","targetHints":{"allow":["GET"]}}],"collection":[{"href":"https:\/\/trzynasty.pl\/index.php\/wp-json\/wp\/v2\/posts"}],"about":[{"href":"https:\/\/trzynasty.pl\/index.php\/wp-json\/wp\/v2\/types\/post"}],"author":[{"embeddable":true,"href":"https:\/\/trzynasty.pl\/index.php\/wp-json\/wp\/v2\/users\/1"}],"replies":[{"embeddable":true,"href":"https:\/\/trzynasty.pl\/index.php\/wp-json\/wp\/v2\/comments?post=104505"}],"version-history":[{"count":2,"href":"https:\/\/trzynasty.pl\/index.php\/wp-json\/wp\/v2\/posts\/104505\/revisions"}],"predecessor-version":[{"id":104507,"href":"https:\/\/trzynasty.pl\/index.php\/wp-json\/wp\/v2\/posts\/104505\/revisions\/104507"}],"wp:attachment":[{"href":"https:\/\/trzynasty.pl\/index.php\/wp-json\/wp\/v2\/media?parent=104505"}],"wp:term":[{"taxonomy":"category","embeddable":true,"href":"https:\/\/trzynasty.pl\/index.php\/wp-json\/wp\/v2\/categories?post=104505"},{"taxonomy":"post_tag","embeddable":true,"href":"https:\/\/trzynasty.pl\/index.php\/wp-json\/wp\/v2\/tags?post=104505"}],"curies":[{"name":"wp","href":"https:\/\/api.w.org\/{rel}","templated":true}]}}