{"id":104486,"date":"2022-04-14T14:28:48","date_gmt":"2022-04-14T12:28:48","guid":{"rendered":"https:\/\/trzynasty.pl\/?p=104486"},"modified":"2023-01-20T14:30:37","modified_gmt":"2023-01-20T13:30:37","slug":"vii-kielecki-marsz-katynski","status":"publish","type":"post","link":"https:\/\/trzynasty.pl\/index.php\/2022\/04\/14\/vii-kielecki-marsz-katynski\/","title":{"rendered":"VII KIELECKI MARSZ KATY\u0143SKI"},"content":{"rendered":"<p>[vc_row][vc_column][vc_column_text uncode_shortcode_id=&#8221;449937&#8243;]<strong>VII KIELECKI MARSZ KATY\u0143SKI<\/strong><\/p>\n<p>Ju\u017c po raz si\u00f3dmy w Dzie\u0144 Pami\u0119ci Ofiar Zbrodni Katy\u0144skiej, odby\u0142 si\u0119 w Kielcach Marsz Katy\u0144ski. Tras\u0119 marszu pokonali kadeci i u\u0142ani Kieleckiego Szwadronu Kawalerii im. 13. Pu\u0142ku U\u0142an\u00f3w Wile\u0144skich. Kawalerzy\u015bci wcielili si\u0119 w polskich oficer\u00f3w i przedstawicieli elity spo\u0142ecznej II RP, zamordowanych w 1940 r. przez funkcjonariuszy NKWD.[\/vc_column_text][vc_gallery el_id=&#8221;gallery-188905&#8243; medias=&#8221;104487,104488,104489,104490,104491&#8243; gutter_size=&#8221;3&#8243; screen_lg=&#8221;1000&#8243; screen_md=&#8221;600&#8243; screen_sm=&#8221;480&#8243; single_overlay_opacity=&#8221;50&#8243; single_padding=&#8221;2&#8243; uncode_shortcode_id=&#8221;863554&#8243;][\/vc_column][\/vc_row]<\/p>\n","protected":false},"excerpt":{"rendered":"<p>[vc_row][vc_column][vc_column_text uncode_shortcode_id=&#8221;449937&#8243;]VII KIELECKI MARSZ KATY\u0143SKI Ju\u017c po raz si\u00f3dmy w Dzie\u0144 Pami\u0119ci Ofiar Zbrodni Katy\u0144skiej, odby\u0142 si\u0119 w Kielcach Marsz [&hellip;]<\/p>\n","protected":false},"author":1,"featured_media":104488,"comment_status":"closed","ping_status":"closed","sticky":false,"template":"","format":"standard","meta":{"footnotes":""},"categories":[1],"tags":[],"class_list":["post-104486","post","type-post","status-publish","format-standard","has-post-thumbnail","hentry","category-bez-kategorii"],"_links":{"self":[{"href":"https:\/\/trzynasty.pl\/index.php\/wp-json\/wp\/v2\/posts\/104486","targetHints":{"allow":["GET"]}}],"collection":[{"href":"https:\/\/trzynasty.pl\/index.php\/wp-json\/wp\/v2\/posts"}],"about":[{"href":"https:\/\/trzynasty.pl\/index.php\/wp-json\/wp\/v2\/types\/post"}],"author":[{"embeddable":true,"href":"https:\/\/trzynasty.pl\/index.php\/wp-json\/wp\/v2\/users\/1"}],"replies":[{"embeddable":true,"href":"https:\/\/trzynasty.pl\/index.php\/wp-json\/wp\/v2\/comments?post=104486"}],"version-history":[{"count":1,"href":"https:\/\/trzynasty.pl\/index.php\/wp-json\/wp\/v2\/posts\/104486\/revisions"}],"predecessor-version":[{"id":104492,"href":"https:\/\/trzynasty.pl\/index.php\/wp-json\/wp\/v2\/posts\/104486\/revisions\/104492"}],"wp:featuredmedia":[{"embeddable":true,"href":"https:\/\/trzynasty.pl\/index.php\/wp-json\/wp\/v2\/media\/104488"}],"wp:attachment":[{"href":"https:\/\/trzynasty.pl\/index.php\/wp-json\/wp\/v2\/media?parent=104486"}],"wp:term":[{"taxonomy":"category","embeddable":true,"href":"https:\/\/trzynasty.pl\/index.php\/wp-json\/wp\/v2\/categories?post=104486"},{"taxonomy":"post_tag","embeddable":true,"href":"https:\/\/trzynasty.pl\/index.php\/wp-json\/wp\/v2\/tags?post=104486"}],"curies":[{"name":"wp","href":"https:\/\/api.w.org\/{rel}","templated":true}]}}