{"id":104474,"date":"2022-04-30T14:25:42","date_gmt":"2022-04-30T12:25:42","guid":{"rendered":"https:\/\/trzynasty.pl\/?p=104474"},"modified":"2023-01-20T14:28:29","modified_gmt":"2023-01-20T13:28:29","slug":"generalna-proba-przed-dniem-flagi-rp","status":"publish","type":"post","link":"https:\/\/trzynasty.pl\/index.php\/2022\/04\/30\/generalna-proba-przed-dniem-flagi-rp\/","title":{"rendered":"GENERALNA PR\u00d3BA PRZED DNIEM FLAGI RP"},"content":{"rendered":"<p>[vc_row][vc_column][vc_column_text uncode_shortcode_id=&#8221;182195&#8243;]<strong>GENERALNA PR\u00d3BA PRZED DNIEM FLAGI RP<\/strong><\/p>\n<p>W dniu dzisiejszym w godzinach dopo\u0142udniowych na kieleckim Rynku odby\u0142a si\u0119 generalna pr\u00f3ba przed Dniem Flagi RP.\u00a0 Kadeci pierwszego i drugiego rocznika projektu pt. \u201dU\u0142ani Werbuj\u0105\u201d Kieleckiego Szwadronu Kawalerii im. 13. Pu\u0142ku U\u0142an\u00f3w Wile\u0144skich finansowanego przez Narodowy Instytut Wolno\u015bci &#8211; Centrum Rozwoju Spo\u0142ecze\u0144stwa Obywatelskiego ze \u015brodk\u00f3w Programu Rozwoju Organizacji Obywatelskich na lata 2018 \u2013 2030 odbyli szkolenie z zakresu musztry pieszej przed planowan\u0105 uroczysto\u015bci\u0105. W\u00a0 tym roku w dniu 2 maja o godz. 12,00 na kieleckim Rynku przed Urz\u0119dem Miasta Kielce zostanie uroczy\u015bcie podniesiona flaga Rzeczpospolitej w obecno\u015bci\u00a0 mieszka\u0144c\u00f3w naszego regionu, parlamentarzyst\u00f3w ziemi \u015bwi\u0119tokrzyskiej, przedstawicieli w\u0142adz rz\u0105dowych i samorz\u0105dowych,\u00a0 przedstawicieli s\u0142u\u017cb mundurowych i poczt\u00f3w sztandarowych. Ju\u017c dzi\u015b serdecznie zapraszamy\u00a0 w imieniu g\u0142\u00f3wnego organizatora Dnia Flagi RP Wojewody \u015awi\u0119tokrzyskiego Pana Zbigniewa Koniusza do udzia\u0142u w uroczysto\u015bci.[\/vc_column_text][vc_gallery el_id=&#8221;gallery-188905&#8243; medias=&#8221;104459,104460,104461,104462,104463,104464,104465,104466,104467,104468,104469,104470,104471&#8243; gutter_size=&#8221;3&#8243; screen_lg=&#8221;1000&#8243; screen_md=&#8221;600&#8243; screen_sm=&#8221;480&#8243; single_overlay_opacity=&#8221;50&#8243; single_padding=&#8221;2&#8243; uncode_shortcode_id=&#8221;753059&#8243;][\/vc_column][\/vc_row]<\/p>\n","protected":false},"excerpt":{"rendered":"<p>[vc_row][vc_column][vc_column_text uncode_shortcode_id=&#8221;182195&#8243;]GENERALNA PR\u00d3BA PRZED DNIEM FLAGI RP W dniu dzisiejszym w godzinach dopo\u0142udniowych na kieleckim Rynku odby\u0142a si\u0119 generalna pr\u00f3ba [&hellip;]<\/p>\n","protected":false},"author":1,"featured_media":104481,"comment_status":"closed","ping_status":"closed","sticky":false,"template":"","format":"standard","meta":{"footnotes":""},"categories":[1],"tags":[],"class_list":["post-104474","post","type-post","status-publish","format-standard","has-post-thumbnail","hentry","category-bez-kategorii"],"_links":{"self":[{"href":"https:\/\/trzynasty.pl\/index.php\/wp-json\/wp\/v2\/posts\/104474","targetHints":{"allow":["GET"]}}],"collection":[{"href":"https:\/\/trzynasty.pl\/index.php\/wp-json\/wp\/v2\/posts"}],"about":[{"href":"https:\/\/trzynasty.pl\/index.php\/wp-json\/wp\/v2\/types\/post"}],"author":[{"embeddable":true,"href":"https:\/\/trzynasty.pl\/index.php\/wp-json\/wp\/v2\/users\/1"}],"replies":[{"embeddable":true,"href":"https:\/\/trzynasty.pl\/index.php\/wp-json\/wp\/v2\/comments?post=104474"}],"version-history":[{"count":3,"href":"https:\/\/trzynasty.pl\/index.php\/wp-json\/wp\/v2\/posts\/104474\/revisions"}],"predecessor-version":[{"id":104484,"href":"https:\/\/trzynasty.pl\/index.php\/wp-json\/wp\/v2\/posts\/104474\/revisions\/104484"}],"wp:featuredmedia":[{"embeddable":true,"href":"https:\/\/trzynasty.pl\/index.php\/wp-json\/wp\/v2\/media\/104481"}],"wp:attachment":[{"href":"https:\/\/trzynasty.pl\/index.php\/wp-json\/wp\/v2\/media?parent=104474"}],"wp:term":[{"taxonomy":"category","embeddable":true,"href":"https:\/\/trzynasty.pl\/index.php\/wp-json\/wp\/v2\/categories?post=104474"},{"taxonomy":"post_tag","embeddable":true,"href":"https:\/\/trzynasty.pl\/index.php\/wp-json\/wp\/v2\/tags?post=104474"}],"curies":[{"name":"wp","href":"https:\/\/api.w.org\/{rel}","templated":true}]}}