{"id":104417,"date":"2022-05-12T14:08:47","date_gmt":"2022-05-12T12:08:47","guid":{"rendered":"https:\/\/trzynasty.pl\/?p=104417"},"modified":"2023-01-20T14:10:30","modified_gmt":"2023-01-20T13:10:30","slug":"uroczysty-capstrzyk-z-okazji-87-rocznicy-smierci-marszalka-jozefa-pilsudskiego","status":"publish","type":"post","link":"https:\/\/trzynasty.pl\/index.php\/2022\/05\/12\/uroczysty-capstrzyk-z-okazji-87-rocznicy-smierci-marszalka-jozefa-pilsudskiego\/","title":{"rendered":"UROCZYSTY CAPSTRZYK Z OKAZJI 87 ROCZNICY \u015aMIERCI MARSZA\u0141KA J\u00d3ZEFA PI\u0141SUDSKIEGO"},"content":{"rendered":"<p>[vc_row][vc_column][vc_column_text uncode_shortcode_id=&#8221;578728&#8243;]<strong>UROCZYSTY CAPSTRZYK Z OKAZJI 87 ROCZNICY \u015aMIERCI MARSZA\u0141KA J\u00d3ZEFA PI\u0141SUDSKIEGO <\/strong><\/p>\n<p>12 maja przypada rocznica \u015bmierci wybitnego Polaka, pierwszego marsza\u0142ka J\u00f3zefa Pi\u0142sudzkiego. W tak wa\u017cny dzie\u0144 nie mog\u0142o, na kieleckim placu wolno\u015bci, zabrakn\u0105\u0107 przedstawicieli Szwadronu. Tym razem w roli wsp\u00f3\u0142organizator\u00f3w i prowadz\u0105cych uroczysto\u015b\u0107. Dow\u00f3dca uroczysto\u015bci rtm. kaw. och. Robert Mazur dok\u0142adnie o 20:45 da\u0142 rozkaz do rozpocz\u0119cia uroczysto\u015bci, po czym ks. por .kaw. och. Stanis\u0142aw Strycharczyk zm\u00f3wi\u0142 modlitw\u0119 za dusz\u0119 Komendanta. R\u00f3wno o 20:45, w godzinie zgonu marsza\u0142ka z g\u0142o\u015bnik\u00f3w dobieg\u0142o bicie dzwon\u00f3w, co by\u0142o znakiem dla prowadz\u0105cego u\u0142. kaw. och. Paw\u0142a Staszczaka do poproszenia zebranych o chwil\u0119 ciszy.[\/vc_column_text][vc_gallery el_id=&#8221;gallery-188905&#8243; medias=&#8221;104418&#8243; gutter_size=&#8221;3&#8243; screen_lg=&#8221;1000&#8243; screen_md=&#8221;600&#8243; screen_sm=&#8221;480&#8243; single_overlay_opacity=&#8221;50&#8243; single_padding=&#8221;2&#8243; uncode_shortcode_id=&#8221;162106&#8243;][\/vc_column][\/vc_row]<\/p>\n","protected":false},"excerpt":{"rendered":"<p>[vc_row][vc_column][vc_column_text uncode_shortcode_id=&#8221;578728&#8243;]UROCZYSTY CAPSTRZYK Z OKAZJI 87 ROCZNICY \u015aMIERCI MARSZA\u0141KA J\u00d3ZEFA PI\u0141SUDSKIEGO 12 maja przypada rocznica \u015bmierci wybitnego Polaka, pierwszego marsza\u0142ka [&hellip;]<\/p>\n","protected":false},"author":1,"featured_media":104418,"comment_status":"closed","ping_status":"closed","sticky":false,"template":"","format":"standard","meta":{"footnotes":""},"categories":[1],"tags":[],"class_list":["post-104417","post","type-post","status-publish","format-standard","has-post-thumbnail","hentry","category-bez-kategorii"],"_links":{"self":[{"href":"https:\/\/trzynasty.pl\/index.php\/wp-json\/wp\/v2\/posts\/104417","targetHints":{"allow":["GET"]}}],"collection":[{"href":"https:\/\/trzynasty.pl\/index.php\/wp-json\/wp\/v2\/posts"}],"about":[{"href":"https:\/\/trzynasty.pl\/index.php\/wp-json\/wp\/v2\/types\/post"}],"author":[{"embeddable":true,"href":"https:\/\/trzynasty.pl\/index.php\/wp-json\/wp\/v2\/users\/1"}],"replies":[{"embeddable":true,"href":"https:\/\/trzynasty.pl\/index.php\/wp-json\/wp\/v2\/comments?post=104417"}],"version-history":[{"count":2,"href":"https:\/\/trzynasty.pl\/index.php\/wp-json\/wp\/v2\/posts\/104417\/revisions"}],"predecessor-version":[{"id":104420,"href":"https:\/\/trzynasty.pl\/index.php\/wp-json\/wp\/v2\/posts\/104417\/revisions\/104420"}],"wp:featuredmedia":[{"embeddable":true,"href":"https:\/\/trzynasty.pl\/index.php\/wp-json\/wp\/v2\/media\/104418"}],"wp:attachment":[{"href":"https:\/\/trzynasty.pl\/index.php\/wp-json\/wp\/v2\/media?parent=104417"}],"wp:term":[{"taxonomy":"category","embeddable":true,"href":"https:\/\/trzynasty.pl\/index.php\/wp-json\/wp\/v2\/categories?post=104417"},{"taxonomy":"post_tag","embeddable":true,"href":"https:\/\/trzynasty.pl\/index.php\/wp-json\/wp\/v2\/tags?post=104417"}],"curies":[{"name":"wp","href":"https:\/\/api.w.org\/{rel}","templated":true}]}}