{"id":104344,"date":"2022-06-18T12:50:13","date_gmt":"2022-06-18T10:50:13","guid":{"rendered":"https:\/\/trzynasty.pl\/?p=104344"},"modified":"2023-01-20T12:58:08","modified_gmt":"2023-01-20T11:58:08","slug":"kieleccy-kawalerzysci-zapraszaja-na-ii-memorial-kawaleryjsko-spadochronowy-imienia-generala-tadeusza-buka","status":"publish","type":"post","link":"https:\/\/trzynasty.pl\/index.php\/2022\/06\/18\/kieleccy-kawalerzysci-zapraszaja-na-ii-memorial-kawaleryjsko-spadochronowy-imienia-generala-tadeusza-buka\/","title":{"rendered":"KIELECCY KAWALERZY\u015aCI ZAPRASZAJ\u0104 NA II MEMORIA\u0141 KAWALERYJSKO-SPADOCHRONOWY IMIENIA GENERA\u0141A TADEUSZA BUKA"},"content":{"rendered":"<p>[vc_row][vc_column][vc_column_text uncode_shortcode_id=&#8221;114696&#8243;]<strong>KIELECCY KAWALERZY\u015aCI ZAPRASZAJ\u0104 NA <\/strong><strong>II MEMORIA\u0141 KAWALERYJSKO-SPADOCHRONOWY IMIENIA GENERA\u0141A TADEUSZA BUKA<\/strong><\/p>\n<p><strong>\u00a0<\/strong>W dniu jutrzejszym 19 czerwca 2022 roku w Mas\u0142owie k\/Kielc, odb\u0119dzie si\u0119 II Memoria\u0142 Kawaleryjsko &#8211; Spadochronowy imienia Genera\u0142a Tadeusza Buka. B\u0119dzie to wydarzenie o charakterze wychowawczym i patriotycznym, a jego g\u0142\u00f3wnym przes\u0142aniem b\u0119dzie przypomnienie postaci naszego nie\u017cyj\u0105cego krajana \u2013 genera\u0142a Tadeusza Buka.<\/p>\n<p>Memoria\u0142 zostanie przeprowadzony w ramach organizowanej od lat Biesiady Mas\u0142owskiej na terenie lotniska Aeroklubu Kieleckiego. W programie przewidziane s\u0105 mi\u0119dzy innymi: pokazy konne Reprezentacyjnego Szwadronu Kawalerii WP i Kieleckiego Szwadronu Kawalerii, dynamiczne \u0107wiczenia plutonu kawalerii powietrznej z wykorzystaniem \u015bmig\u0142owc\u00f3w 25 Brygady Kawalerii Powietrznej z Tomaszowa Mazowieckiego a tak\u017ce pokazy skok\u00f3w spadochronowych.<\/p>\n<p>Program Memoria\u0142u:<\/p>\n<p>15.00 \u2013 18.00 \u2013 Skoki spadochronowe<\/p>\n<p>16.40 \u2013 17.10 \u2013 Pokaz dynamiczny Szwadronu Kawalerii WP<\/p>\n<p>18.15 \u2013 18.45 \u2013 \u0106wiczenia dynamiczne szwadronu kawalerii powietrznej z wykorzystaniem \u015bmig\u0142owc\u00f3w i plutonu \u017co\u0142nierzy z 25 Brygady Kawalerii Powietrznej im. ksi\u0119cia J\u00f3zefa Poniatowskiego<\/p>\n<p>15.00 &#8211; 18.00 &#8211; Stoisko Kieleckiego Szwadron Kawalerii w tym nieodp\u0142atne oprowadzanie na koniach kawaleryjskich, strzelnica sportowa, wojskowy tor przeszk\u00f3d.[\/vc_column_text][vc_gallery el_id=&#8221;gallery-188905&#8243; medias=&#8221;104346,104347,104348,104349,104350,104351,104352,104353&#8243; gutter_size=&#8221;3&#8243; screen_lg=&#8221;1000&#8243; screen_md=&#8221;600&#8243; screen_sm=&#8221;480&#8243; single_overlay_opacity=&#8221;50&#8243; single_padding=&#8221;2&#8243; uncode_shortcode_id=&#8221;967037&#8243;][\/vc_column][\/vc_row]<\/p>\n","protected":false},"excerpt":{"rendered":"<p>[vc_row][vc_column][vc_column_text uncode_shortcode_id=&#8221;114696&#8243;]KIELECCY KAWALERZY\u015aCI ZAPRASZAJ\u0104 NA II MEMORIA\u0141 KAWALERYJSKO-SPADOCHRONOWY IMIENIA GENERA\u0141A TADEUSZA BUKA \u00a0W dniu jutrzejszym 19 czerwca 2022 roku w [&hellip;]<\/p>\n","protected":false},"author":1,"featured_media":104352,"comment_status":"closed","ping_status":"closed","sticky":false,"template":"","format":"standard","meta":{"footnotes":""},"categories":[1],"tags":[],"class_list":["post-104344","post","type-post","status-publish","format-standard","has-post-thumbnail","hentry","category-bez-kategorii"],"_links":{"self":[{"href":"https:\/\/trzynasty.pl\/index.php\/wp-json\/wp\/v2\/posts\/104344","targetHints":{"allow":["GET"]}}],"collection":[{"href":"https:\/\/trzynasty.pl\/index.php\/wp-json\/wp\/v2\/posts"}],"about":[{"href":"https:\/\/trzynasty.pl\/index.php\/wp-json\/wp\/v2\/types\/post"}],"author":[{"embeddable":true,"href":"https:\/\/trzynasty.pl\/index.php\/wp-json\/wp\/v2\/users\/1"}],"replies":[{"embeddable":true,"href":"https:\/\/trzynasty.pl\/index.php\/wp-json\/wp\/v2\/comments?post=104344"}],"version-history":[{"count":2,"href":"https:\/\/trzynasty.pl\/index.php\/wp-json\/wp\/v2\/posts\/104344\/revisions"}],"predecessor-version":[{"id":104355,"href":"https:\/\/trzynasty.pl\/index.php\/wp-json\/wp\/v2\/posts\/104344\/revisions\/104355"}],"wp:featuredmedia":[{"embeddable":true,"href":"https:\/\/trzynasty.pl\/index.php\/wp-json\/wp\/v2\/media\/104352"}],"wp:attachment":[{"href":"https:\/\/trzynasty.pl\/index.php\/wp-json\/wp\/v2\/media?parent=104344"}],"wp:term":[{"taxonomy":"category","embeddable":true,"href":"https:\/\/trzynasty.pl\/index.php\/wp-json\/wp\/v2\/categories?post=104344"},{"taxonomy":"post_tag","embeddable":true,"href":"https:\/\/trzynasty.pl\/index.php\/wp-json\/wp\/v2\/tags?post=104344"}],"curies":[{"name":"wp","href":"https:\/\/api.w.org\/{rel}","templated":true}]}}