{"id":104311,"date":"2022-07-25T09:22:47","date_gmt":"2022-07-25T07:22:47","guid":{"rendered":"https:\/\/trzynasty.pl\/?p=104311"},"modified":"2023-01-20T12:05:06","modified_gmt":"2023-01-20T11:05:06","slug":"102-rocznica-bitwy-13-pulku-ulanow-wilenskich-pod-janowem","status":"publish","type":"post","link":"https:\/\/trzynasty.pl\/index.php\/2022\/07\/25\/102-rocznica-bitwy-13-pulku-ulanow-wilenskich-pod-janowem\/","title":{"rendered":"102. ROCZNICA BITWY 13. PU\u0141KU U\u0141AN\u00d3W WILE\u0143SKICH POD JANOWEM"},"content":{"rendered":"<p>[vc_row][vc_column][vc_column_text uncode_shortcode_id=&#8221;209522&#8243;]<\/p>\n<ol start=\"102\">\n<li><strong> ROCZNICA BITWY 13. PU\u0141KU U\u0141AN\u00d3W WILE\u0143SKICH POD JANOWEM<\/strong><\/li>\n<\/ol>\n<p>W dniu 25 lipca 1920 roku 13 pu\u0142k u\u0142an\u00f3w Wile\u0144skich pod Janowem k. Sok\u00f3\u0142ki stoczy\u0142 typowo kawaleryjski\u00a0 b\u00f3j z kozakami 15 Dywizji Kawalerii III Korpusu Konnego Gaja. Pola Kupliska, Trofim\u00f3wki, Janowa, Jasionowej Doliny, Kizielan, Rykaczewa, Wy\u0142ud\u00f3w i Wy\u0142udk\u00f3w, u\u015bwi\u0119cone zosta\u0142y krwi\u0105, wysi\u0142kiem i szale\u0144cz\u0105 odwag\u0105 polskich kawalerzyst\u00f3w. Kilkukrotne szar\u017ce u\u0142an\u00f3w wile\u0144skich na ca\u0142y nast\u0119pny dzie\u0144 powstrzyma\u0142y marsz konnicy Gaja, a dzie\u0144 25 lipca sta\u0142 si\u0119 oficjalnym powojennym \u015bwi\u0119tem 13 pu\u0142ku u\u0142an\u00f3w Wile\u0144skich.<\/p>\n<p>Upami\u0119tniaj\u0105c to wydarzenie, 24 lipca 2022 roku &#8211; w 102 rocznic\u0119 bitwy,\u00a0 w Janowie zebrali si\u0119 parlamentarzy\u015bci i w\u0142adze ziemi podlaskiej, \u017co\u0142nierze Wojska Polskiego, rodziny \u017co\u0142nierzy 13 pu\u0142ku u\u0142an\u00f3w, harcerze, poczty sztandarowe OSP, szk\u00f3\u0142 i lokalnych organizacji, cz\u0142onkowie grup rekonstrukcji historycznej oraz liczni mieszka\u0144cy i\u00a0 tury\u015bci.<\/p>\n<p>Po uroczystej mszy \u015bwi\u0119tej, uczestnicy obchod\u00f3w przenie\u015bli si\u0119 do Kizielan, pod obelisk ufundowany i ods\u0142oni\u0119ty w 2020 roku. Wojskow\u0105 asyst\u0119 honorow\u0105 zabezpieczyli \u017co\u0142nierze z 18 batalionu rozpoznawczego z Przasnysza oraz 18 pu\u0142ku logistycznego z \u0141om\u017cy.<\/p>\n<p>W trakcie uroczysto\u015bci odczytany zosta\u0142\u00a0 Apel Pami\u0119ci zako\u0144czony sal\u0105 honorow\u0105, podpisany zosta\u0142 list intencyjny na rzecz ustanowienia osoby p\u0142k. dypl. J\u00f3zefa Szostaka patronem 18 batalionu rozpoznawczego, odm\u00f3wiono modlitwy w obrz\u0105dku rzymskokatolickim i muzu\u0142ma\u0144skim \u2013 z racji s\u0142u\u017cby Tatar\u00f3w polskich w 13 pu\u0142ku u\u0142an\u00f3w w okresie mi\u0119dzywojennym, po czym z\u0142o\u017cono kwiaty pod pomnikiem, a uroczysto\u015b\u0107 zako\u0144czy\u0142 hejna\u0142 \u201e\u015apij kolego\u201d.<\/p>\n<p><a href=\"https:\/\/www.youtube.com\/watch?v=JRjHobDn5zw\">https:\/\/www.youtube.com\/watch?v=JRjHobDn5zw<\/a>[\/vc_column_text][vc_gallery el_id=&#8221;gallery-188905&#8243; medias=&#8221;104312,104313,104314,104315,104316,104317,104318,104319,104320,104321,104322,104323,104324,104325,104326,104327,104328,104329,104330,104331,104332,104333,104334&#8243; gutter_size=&#8221;3&#8243; screen_lg=&#8221;1000&#8243; screen_md=&#8221;600&#8243; screen_sm=&#8221;480&#8243; single_overlay_opacity=&#8221;50&#8243; single_padding=&#8221;2&#8243; uncode_shortcode_id=&#8221;140593&#8243;][\/vc_column][\/vc_row]<\/p>\n","protected":false},"excerpt":{"rendered":"<p>[vc_row][vc_column][vc_column_text uncode_shortcode_id=&#8221;209522&#8243;] ROCZNICA BITWY 13. PU\u0141KU U\u0141AN\u00d3W WILE\u0143SKICH POD JANOWEM W dniu 25 lipca 1920 roku 13 pu\u0142k u\u0142an\u00f3w Wile\u0144skich [&hellip;]<\/p>\n","protected":false},"author":1,"featured_media":104331,"comment_status":"closed","ping_status":"closed","sticky":false,"template":"","format":"standard","meta":{"footnotes":""},"categories":[1],"tags":[],"class_list":["post-104311","post","type-post","status-publish","format-standard","has-post-thumbnail","hentry","category-bez-kategorii"],"_links":{"self":[{"href":"https:\/\/trzynasty.pl\/index.php\/wp-json\/wp\/v2\/posts\/104311","targetHints":{"allow":["GET"]}}],"collection":[{"href":"https:\/\/trzynasty.pl\/index.php\/wp-json\/wp\/v2\/posts"}],"about":[{"href":"https:\/\/trzynasty.pl\/index.php\/wp-json\/wp\/v2\/types\/post"}],"author":[{"embeddable":true,"href":"https:\/\/trzynasty.pl\/index.php\/wp-json\/wp\/v2\/users\/1"}],"replies":[{"embeddable":true,"href":"https:\/\/trzynasty.pl\/index.php\/wp-json\/wp\/v2\/comments?post=104311"}],"version-history":[{"count":2,"href":"https:\/\/trzynasty.pl\/index.php\/wp-json\/wp\/v2\/posts\/104311\/revisions"}],"predecessor-version":[{"id":104338,"href":"https:\/\/trzynasty.pl\/index.php\/wp-json\/wp\/v2\/posts\/104311\/revisions\/104338"}],"wp:featuredmedia":[{"embeddable":true,"href":"https:\/\/trzynasty.pl\/index.php\/wp-json\/wp\/v2\/media\/104331"}],"wp:attachment":[{"href":"https:\/\/trzynasty.pl\/index.php\/wp-json\/wp\/v2\/media?parent=104311"}],"wp:term":[{"taxonomy":"category","embeddable":true,"href":"https:\/\/trzynasty.pl\/index.php\/wp-json\/wp\/v2\/categories?post=104311"},{"taxonomy":"post_tag","embeddable":true,"href":"https:\/\/trzynasty.pl\/index.php\/wp-json\/wp\/v2\/tags?post=104311"}],"curies":[{"name":"wp","href":"https:\/\/api.w.org\/{rel}","templated":true}]}}