{"id":104303,"date":"2022-08-01T09:12:18","date_gmt":"2022-08-01T07:12:18","guid":{"rendered":"https:\/\/trzynasty.pl\/?p=104303"},"modified":"2023-01-20T09:16:34","modified_gmt":"2023-01-20T08:16:34","slug":"78-rocznica-wybuchu-powstania-warszawskiego","status":"publish","type":"post","link":"https:\/\/trzynasty.pl\/index.php\/2022\/08\/01\/78-rocznica-wybuchu-powstania-warszawskiego\/","title":{"rendered":"78. ROCZNICA WYBUCHU POWSTANIA WARSZAWSKIEGO"},"content":{"rendered":"<p>[vc_row][vc_column][vc_column_text uncode_shortcode_id=&#8221;274451&#8243;]<\/p>\n<ol start=\"78\">\n<li><strong> ROCZNICA WYBUCHU POWSTANIA WARSZAWSKIEGO<\/strong><\/li>\n<\/ol>\n<p>1 sierpnia w 78. rocznic\u0119 wybuchu Powstania Warszawskiego, kadeci Kieleckiego Ochotniczego Szwadronu Kawalerii im. 13 Pu\u0142ku U\u0142an\u00f3w Wile\u0144skich w ramach projektu \u201eU\u0142ani werbuj\u0105\u201d finansowanego przez Narodowy Instytut Wolno\u015bci &#8211; Centrum Rozwoju Spo\u0142ecze\u0144stwa Obywatelskiego ze \u015brodk\u00f3w Programu Rozwoju Organizacji Obywatelskich na lata 2018 \u2013 2030 wzi\u0119li czynny udzia\u0142 w happeningu \u201eWspomnienie Sierpniowych Dni\u201d w Staszowie. Kadeci wcielili si\u0119 w Powsta\u0144c\u00f3w Warszawskich oraz pe\u0142nili wart\u0119 przy pomniku Polskiego Pa\u0144stwa Podziemnego.[\/vc_column_text][vc_gallery el_id=&#8221;gallery-188905&#8243; medias=&#8221;104304,104305,104306,104307,104308&#8243; gutter_size=&#8221;3&#8243; screen_lg=&#8221;1000&#8243; screen_md=&#8221;600&#8243; screen_sm=&#8221;480&#8243; single_overlay_opacity=&#8221;50&#8243; single_padding=&#8221;2&#8243; uncode_shortcode_id=&#8221;151257&#8243;][\/vc_column][\/vc_row]<\/p>\n","protected":false},"excerpt":{"rendered":"<p>[vc_row][vc_column][vc_column_text uncode_shortcode_id=&#8221;274451&#8243;] ROCZNICA WYBUCHU POWSTANIA WARSZAWSKIEGO 1 sierpnia w 78. rocznic\u0119 wybuchu Powstania Warszawskiego, kadeci Kieleckiego Ochotniczego Szwadronu Kawalerii im. [&hellip;]<\/p>\n","protected":false},"author":1,"featured_media":104305,"comment_status":"closed","ping_status":"closed","sticky":false,"template":"","format":"standard","meta":{"footnotes":""},"categories":[1],"tags":[],"class_list":["post-104303","post","type-post","status-publish","format-standard","has-post-thumbnail","hentry","category-bez-kategorii"],"_links":{"self":[{"href":"https:\/\/trzynasty.pl\/index.php\/wp-json\/wp\/v2\/posts\/104303","targetHints":{"allow":["GET"]}}],"collection":[{"href":"https:\/\/trzynasty.pl\/index.php\/wp-json\/wp\/v2\/posts"}],"about":[{"href":"https:\/\/trzynasty.pl\/index.php\/wp-json\/wp\/v2\/types\/post"}],"author":[{"embeddable":true,"href":"https:\/\/trzynasty.pl\/index.php\/wp-json\/wp\/v2\/users\/1"}],"replies":[{"embeddable":true,"href":"https:\/\/trzynasty.pl\/index.php\/wp-json\/wp\/v2\/comments?post=104303"}],"version-history":[{"count":2,"href":"https:\/\/trzynasty.pl\/index.php\/wp-json\/wp\/v2\/posts\/104303\/revisions"}],"predecessor-version":[{"id":104310,"href":"https:\/\/trzynasty.pl\/index.php\/wp-json\/wp\/v2\/posts\/104303\/revisions\/104310"}],"wp:featuredmedia":[{"embeddable":true,"href":"https:\/\/trzynasty.pl\/index.php\/wp-json\/wp\/v2\/media\/104305"}],"wp:attachment":[{"href":"https:\/\/trzynasty.pl\/index.php\/wp-json\/wp\/v2\/media?parent=104303"}],"wp:term":[{"taxonomy":"category","embeddable":true,"href":"https:\/\/trzynasty.pl\/index.php\/wp-json\/wp\/v2\/categories?post=104303"},{"taxonomy":"post_tag","embeddable":true,"href":"https:\/\/trzynasty.pl\/index.php\/wp-json\/wp\/v2\/tags?post=104303"}],"curies":[{"name":"wp","href":"https:\/\/api.w.org\/{rel}","templated":true}]}}