{"id":104271,"date":"2022-08-20T13:55:25","date_gmt":"2022-08-20T11:55:25","guid":{"rendered":"https:\/\/trzynasty.pl\/?p=104271"},"modified":"2023-01-17T13:59:32","modified_gmt":"2023-01-17T12:59:32","slug":"102-rocznica-bitwy-pod-arcelinem","status":"publish","type":"post","link":"https:\/\/trzynasty.pl\/index.php\/2022\/08\/20\/102-rocznica-bitwy-pod-arcelinem\/","title":{"rendered":"102. ROCZNICA BITWY POD ARCELINEM"},"content":{"rendered":"<p>[vc_row][vc_column][vc_column_text uncode_shortcode_id=&#8221;126791&#8243;]<\/p>\n<ol start=\"102\">\n<li><strong> ROCZNICA BITWY POD ARCELINEM<\/strong><\/li>\n<\/ol>\n<p>W sobot\u0119 20 sierpnia w Arcelinie odby\u0142y si\u0119 uroczysto\u015bci z okazji 102-lecia zwyci\u0119skiej szar\u017cy 1. Pu\u0142ku Szwole\u017cer\u00f3w J\u00f3zefa Pi\u0142sudskiego, kt\u00f3ra rozbi\u0142a oddzia\u0142y bolszewik\u00f3w, skutecznie blokuj\u0105c ich dzia\u0142ania w regionie oraz uniemo\u017cliwiaj\u0105c dalszy marsz w kierunku Warszawy.<\/p>\n<p>Oficjalne uroczysto\u015bci zako\u0144czy\u0142a rekonstrukcja historyczna wydarze\u0144 sprzed 102 lat. W rekonstrukcji wzi\u0119li udzia\u0142 m.in. kadeci Kieleckiego Szwadronu Kawalerii im. 13. Pu\u0142ku U\u0142an\u00f3w Wile\u0144skich, wcielaj\u0105c si\u0119 w rol\u0119 spieszonej kawalerii polskiej.<\/p>\n<p>Dzi\u0119kujemy @GRH BAJKA za zaproszenie na tegoroczne wydarzenie.[\/vc_column_text][vc_gallery el_id=&#8221;gallery-188905&#8243; medias=&#8221;104272,104273,104274,104275,104276,104277,104278,104279,104280,104281,104282,104283,104284&#8243; gutter_size=&#8221;3&#8243; screen_lg=&#8221;1000&#8243; screen_md=&#8221;600&#8243; screen_sm=&#8221;480&#8243; single_overlay_opacity=&#8221;50&#8243; single_padding=&#8221;2&#8243; uncode_shortcode_id=&#8221;577934&#8243;][\/vc_column][\/vc_row]<\/p>\n","protected":false},"excerpt":{"rendered":"<p>[vc_row][vc_column][vc_column_text uncode_shortcode_id=&#8221;126791&#8243;] ROCZNICA BITWY POD ARCELINEM W sobot\u0119 20 sierpnia w Arcelinie odby\u0142y si\u0119 uroczysto\u015bci z okazji 102-lecia zwyci\u0119skiej szar\u017cy [&hellip;]<\/p>\n","protected":false},"author":1,"featured_media":104283,"comment_status":"closed","ping_status":"closed","sticky":false,"template":"","format":"standard","meta":{"footnotes":""},"categories":[1],"tags":[],"class_list":["post-104271","post","type-post","status-publish","format-standard","has-post-thumbnail","hentry","category-bez-kategorii"],"_links":{"self":[{"href":"https:\/\/trzynasty.pl\/index.php\/wp-json\/wp\/v2\/posts\/104271","targetHints":{"allow":["GET"]}}],"collection":[{"href":"https:\/\/trzynasty.pl\/index.php\/wp-json\/wp\/v2\/posts"}],"about":[{"href":"https:\/\/trzynasty.pl\/index.php\/wp-json\/wp\/v2\/types\/post"}],"author":[{"embeddable":true,"href":"https:\/\/trzynasty.pl\/index.php\/wp-json\/wp\/v2\/users\/1"}],"replies":[{"embeddable":true,"href":"https:\/\/trzynasty.pl\/index.php\/wp-json\/wp\/v2\/comments?post=104271"}],"version-history":[{"count":1,"href":"https:\/\/trzynasty.pl\/index.php\/wp-json\/wp\/v2\/posts\/104271\/revisions"}],"predecessor-version":[{"id":104285,"href":"https:\/\/trzynasty.pl\/index.php\/wp-json\/wp\/v2\/posts\/104271\/revisions\/104285"}],"wp:featuredmedia":[{"embeddable":true,"href":"https:\/\/trzynasty.pl\/index.php\/wp-json\/wp\/v2\/media\/104283"}],"wp:attachment":[{"href":"https:\/\/trzynasty.pl\/index.php\/wp-json\/wp\/v2\/media?parent=104271"}],"wp:term":[{"taxonomy":"category","embeddable":true,"href":"https:\/\/trzynasty.pl\/index.php\/wp-json\/wp\/v2\/categories?post=104271"},{"taxonomy":"post_tag","embeddable":true,"href":"https:\/\/trzynasty.pl\/index.php\/wp-json\/wp\/v2\/tags?post=104271"}],"curies":[{"name":"wp","href":"https:\/\/api.w.org\/{rel}","templated":true}]}}