{"id":104269,"date":"2022-07-20T15:51:36","date_gmt":"2022-07-20T13:51:36","guid":{"rendered":"https:\/\/trzynasty.pl\/?p=104269"},"modified":"2023-01-20T12:49:26","modified_gmt":"2023-01-20T11:49:26","slug":"104269","status":"publish","type":"post","link":"https:\/\/trzynasty.pl\/index.php\/2022\/07\/20\/104269\/","title":{"rendered":"WILE\u0143SCY U\u0141ANI ZAPRASZAJ\u0104 NA SWOJE \u015aWI\u0118TO!"},"content":{"rendered":"<p>[vc_row][vc_column][vc_column_text uncode_shortcode_id=&#8221;193222&#8243;]W niedziel\u0119 24 lipca 2022 r. o godz. 10,30 w Kizielanach ko\u0142o Janowa Powiat Sok\u00f3lski odb\u0119dzie si\u0119 uroczysto\u015b\u0107 uczczenia 102. rocznicy bitwy 13. pu\u0142ku u\u0142an\u00f3w Wile\u0144skich z kawaleri\u0105 bolszewick\u0105. Uroczysto\u015b\u0107 odb\u0119dzie si\u0119 z pe\u0142nym ceremonia\u0142em woskowym. Asyst\u0119 honorow\u0105 wystawi 18 \u0141om\u017cy\u0144ski Pu\u0142k Logistyczny im. gen. bryg. Mariana Raganowicza oraz 18 Batalion Rozpoznawczy wchodz\u0105ce w sk\u0142ad 18 Dywizji Zmechanizowanej im. gen broni Tadeusza Buka.<\/p>\n<p>102 lat temu, 25 lipca 1920 r. u\u0142ani wile\u0144scy w okolicy Janowa, Trofim\u00f3wki, Kuplisk, Wy\u0142ud i Rykaczewa toczyli walki z sowieck\u0105 15 dywizj\u0105 III Korpusu Kawalerii Gaja, powstrzymuj\u0105c na kilkadziesi\u0105t godzin ich marsz na zach\u00f3d Europy.<\/p>\n<p>Uroczysto\u015b\u0107 odb\u0119dzie si\u0119 w obecno\u015bci regionalnych w\u0142adz reprezentowanych przez Marsza\u0142ka Wojew\u00f3dztwa Podlaskiego, Starosty Powiatu Sok\u00f3lskiego, W\u00f3jta Gminy Jan\u00f3w oraz Dow\u00f3dc\u0119 18 Batalionu Rozpoznawczego z Przasnysza.<\/p>\n<p>W uroczysto\u015bciach wezm\u0105 udzia\u0142 r\u00f3wnie\u017c mieszka\u0144cy Gminy Jan\u00f3w, cz\u0142onkowie rodzin u\u0142an\u00f3w wile\u0144skich oraz organizacji i stowarzysze\u0144 kultywuj\u0105cych tradycje 13. Pu\u0142ku U\u0142an\u00f3w Wile\u0144skich z Kielc i Wilna a tak\u017ce przedstawiciele spo\u0142eczno\u015bci tatarskiej w Polsce.<\/p>\n<p>Uroczysto\u015b\u0107 zostanie poprzedzona o godz. 9,00 nabo\u017ce\u0144stwem w ko\u015bciele pw. \u015awi\u0119tego Jerzego w Janowie, a zako\u0144czy o godz. 11,30 w Kizielanach ceremonia z\u0142o\u017cenia wie\u0144c\u00f3w i wi\u0105zanek przed kamieniem pami\u0105tkowym w miejscu stoczonej bitwy.<\/p>\n<p>Po zako\u0144czeniu uroczysto\u015bci W\u00f3jt Gminy Janowa zaprasza na XIX Dni Janowa \u2013 Festyn Rodzinny w Parku w Janowie.[\/vc_column_text][vc_gallery el_id=&#8221;gallery-188905&#8243; medias=&#8221;104342&#8243; gutter_size=&#8221;3&#8243; screen_lg=&#8221;1000&#8243; screen_md=&#8221;600&#8243; screen_sm=&#8221;480&#8243; single_overlay_opacity=&#8221;50&#8243; single_padding=&#8221;2&#8243; uncode_shortcode_id=&#8221;924478&#8243;][\/vc_column][\/vc_row]<\/p>\n","protected":false},"excerpt":{"rendered":"<p>[vc_row][vc_column][vc_column_text uncode_shortcode_id=&#8221;193222&#8243;]W niedziel\u0119 24 lipca 2022 r. o godz. 10,30 w Kizielanach ko\u0142o Janowa Powiat Sok\u00f3lski odb\u0119dzie si\u0119 uroczysto\u015b\u0107 uczczenia [&hellip;]<\/p>\n","protected":false},"author":1,"featured_media":104342,"comment_status":"closed","ping_status":"closed","sticky":false,"template":"","format":"standard","meta":{"footnotes":""},"categories":[1],"tags":[],"class_list":["post-104269","post","type-post","status-publish","format-standard","has-post-thumbnail","hentry","category-bez-kategorii"],"_links":{"self":[{"href":"https:\/\/trzynasty.pl\/index.php\/wp-json\/wp\/v2\/posts\/104269","targetHints":{"allow":["GET"]}}],"collection":[{"href":"https:\/\/trzynasty.pl\/index.php\/wp-json\/wp\/v2\/posts"}],"about":[{"href":"https:\/\/trzynasty.pl\/index.php\/wp-json\/wp\/v2\/types\/post"}],"author":[{"embeddable":true,"href":"https:\/\/trzynasty.pl\/index.php\/wp-json\/wp\/v2\/users\/1"}],"replies":[{"embeddable":true,"href":"https:\/\/trzynasty.pl\/index.php\/wp-json\/wp\/v2\/comments?post=104269"}],"version-history":[{"count":5,"href":"https:\/\/trzynasty.pl\/index.php\/wp-json\/wp\/v2\/posts\/104269\/revisions"}],"predecessor-version":[{"id":104340,"href":"https:\/\/trzynasty.pl\/index.php\/wp-json\/wp\/v2\/posts\/104269\/revisions\/104340"}],"wp:featuredmedia":[{"embeddable":true,"href":"https:\/\/trzynasty.pl\/index.php\/wp-json\/wp\/v2\/media\/104342"}],"wp:attachment":[{"href":"https:\/\/trzynasty.pl\/index.php\/wp-json\/wp\/v2\/media?parent=104269"}],"wp:term":[{"taxonomy":"category","embeddable":true,"href":"https:\/\/trzynasty.pl\/index.php\/wp-json\/wp\/v2\/categories?post=104269"},{"taxonomy":"post_tag","embeddable":true,"href":"https:\/\/trzynasty.pl\/index.php\/wp-json\/wp\/v2\/tags?post=104269"}],"curies":[{"name":"wp","href":"https:\/\/api.w.org\/{rel}","templated":true}]}}