{"id":104238,"date":"2022-10-07T13:22:09","date_gmt":"2022-10-07T11:22:09","guid":{"rendered":"https:\/\/trzynasty.pl\/?p=104238"},"modified":"2023-01-17T13:25:51","modified_gmt":"2023-01-17T12:25:51","slug":"szlakiem-wrzesniowej-chwaly-oreza-polskiego-1939-2022-2-dywizja-piechoty-legionow-wojska-polskiego-przeciw-niemieckiej-inwazji","status":"publish","type":"post","link":"https:\/\/trzynasty.pl\/index.php\/2022\/10\/07\/szlakiem-wrzesniowej-chwaly-oreza-polskiego-1939-2022-2-dywizja-piechoty-legionow-wojska-polskiego-przeciw-niemieckiej-inwazji\/","title":{"rendered":"\u201eSZLAKIEM WRZE\u015aNIOWEJ CHWA\u0141Y OR\u0118\u017bA POLSKIEGO 1939-2022  &#8211; 2 DYWIZJA PIECHOTY LEGION\u00d3W WOJSKA POLSKIEGO PRZECIW NIEMIECKIEJ INWAZJI\u201d"},"content":{"rendered":"<p>[vc_row][vc_column][vc_column_text uncode_shortcode_id=&#8221;709388&#8243;]<strong>\u201eSZLAKIEM WRZE\u015aNIOWEJ CHWA\u0141Y OR\u0118\u017bA POLSKIEGO 1939-2022 <\/strong><strong>&#8211; 2 DYWIZJA PIECHOTY LEGION\u00d3W WOJSKA POLSKIEGO PRZECIW NIEMIECKIEJ INWAZJI\u201d<\/strong><\/p>\n<p>Kielecki Szwadron Kawalerii im. 13. Pu\u0142ku U\u0142an\u00f3w Wile\u0144skich wraz z dyrekcj\u0105 Muzeum Wsi Kieleckiej, zaprasza mieszka\u0144c\u00f3w wojew\u00f3dztwa oraz turyst\u00f3w na si\u00f3dm\u0105 edycj\u0119 widowiska historycznego z cyklu \u201eSzlakiem Wrze\u015bniowej Chwa\u0142y Or\u0119\u017ca Polskiego\u201d, kt\u00f3re odb\u0119dzie si\u0119 w niedziel\u0119 9 pa\u017adziernika 2022 roku o godzinie 14:00, na terenie skansenu Muzeum Wsi Kieleckiej w Tokarni.<\/p>\n<p>Tegoroczn\u0105 tre\u015bci\u0105 rekonstruowanych wydarze\u0144 b\u0119dzie odtworzenie przebiegu obrony odcinka G\u00f3ry Borowskiej, kt\u00f3r\u0105 w g\u0142\u00f3wnej mierze bronili \u017co\u0142nierze 2. pu\u0142ku piechoty Legion\u00f3w ze Staszowa pod dow\u00f3dztwem p\u0142k. Ludwika Czy\u017cewskiego we wrze\u015bniu 1939 roku. Aren\u0105 dynamicznego widowiska b\u0119dzie pole przed wiatrakiem z Grzmucina, gdzie w kilkunastu epizodach przedstawione zostan\u0105 fragmenty wrze\u015bniowych walk Wojska Polskiego z hitlerowskim naje\u017ad\u017ac\u0105. W scenach zaprezentowane zostan\u0105 mi\u0119dzy innymi: naloty niemieckiego lotnictwa, tragedia os\u00f3b cywilnych, walki piechoty i kawalerii, ostrza\u0142y artyleryjskie oraz natarcia niemieckich jednostek zmotoryzowanych.<\/p>\n<p>W widowisku we\u017amie udzia\u0142 100 rekonstruktor\u00f3w reprezentuj\u0105cych najlepsze i najbardziej renomowane grupy historyczne z ca\u0142ej Polski. Odtw\u00f3rcom \u201e\u017cywej historii\u201d towarzyszy\u0107 b\u0119d\u0105 konie kawaleryjskie, pojazdy mechaniczne oraz profesjonalna grupa pirotechniczna, co gwarantuje dostarczenie widzom niezapomnianych wra\u017ce\u0144, a jednocze\u015bnie pozwoli na lepsze poznanie historii wojennej naszego regionu.<\/p>\n<p>Wodowisko wsp\u00f3\u0142finansowane jest przez Urz\u0105d Marsza\u0142kowski Wojew\u00f3dztwa \u015awi\u0119tokrzyskiego oraz Starostwo Powiatowe w Kielcach.[\/vc_column_text][vc_gallery el_id=&#8221;gallery-188905&#8243; medias=&#8221;104239,104240,104241,104242,104243,104244,104245,104246&#8243; gutter_size=&#8221;3&#8243; screen_lg=&#8221;1000&#8243; screen_md=&#8221;600&#8243; screen_sm=&#8221;480&#8243; single_overlay_opacity=&#8221;50&#8243; single_padding=&#8221;2&#8243; uncode_shortcode_id=&#8221;162855&#8243;][\/vc_column][\/vc_row]<\/p>\n","protected":false},"excerpt":{"rendered":"<p>[vc_row][vc_column][vc_column_text uncode_shortcode_id=&#8221;709388&#8243;]\u201eSZLAKIEM WRZE\u015aNIOWEJ CHWA\u0141Y OR\u0118\u017bA POLSKIEGO 1939-2022 &#8211; 2 DYWIZJA PIECHOTY LEGION\u00d3W WOJSKA POLSKIEGO PRZECIW NIEMIECKIEJ INWAZJI\u201d Kielecki Szwadron Kawalerii [&hellip;]<\/p>\n","protected":false},"author":1,"featured_media":104246,"comment_status":"closed","ping_status":"closed","sticky":false,"template":"","format":"standard","meta":{"footnotes":""},"categories":[1],"tags":[],"class_list":["post-104238","post","type-post","status-publish","format-standard","has-post-thumbnail","hentry","category-bez-kategorii"],"_links":{"self":[{"href":"https:\/\/trzynasty.pl\/index.php\/wp-json\/wp\/v2\/posts\/104238","targetHints":{"allow":["GET"]}}],"collection":[{"href":"https:\/\/trzynasty.pl\/index.php\/wp-json\/wp\/v2\/posts"}],"about":[{"href":"https:\/\/trzynasty.pl\/index.php\/wp-json\/wp\/v2\/types\/post"}],"author":[{"embeddable":true,"href":"https:\/\/trzynasty.pl\/index.php\/wp-json\/wp\/v2\/users\/1"}],"replies":[{"embeddable":true,"href":"https:\/\/trzynasty.pl\/index.php\/wp-json\/wp\/v2\/comments?post=104238"}],"version-history":[{"count":2,"href":"https:\/\/trzynasty.pl\/index.php\/wp-json\/wp\/v2\/posts\/104238\/revisions"}],"predecessor-version":[{"id":104248,"href":"https:\/\/trzynasty.pl\/index.php\/wp-json\/wp\/v2\/posts\/104238\/revisions\/104248"}],"wp:featuredmedia":[{"embeddable":true,"href":"https:\/\/trzynasty.pl\/index.php\/wp-json\/wp\/v2\/media\/104246"}],"wp:attachment":[{"href":"https:\/\/trzynasty.pl\/index.php\/wp-json\/wp\/v2\/media?parent=104238"}],"wp:term":[{"taxonomy":"category","embeddable":true,"href":"https:\/\/trzynasty.pl\/index.php\/wp-json\/wp\/v2\/categories?post=104238"},{"taxonomy":"post_tag","embeddable":true,"href":"https:\/\/trzynasty.pl\/index.php\/wp-json\/wp\/v2\/tags?post=104238"}],"curies":[{"name":"wp","href":"https:\/\/api.w.org\/{rel}","templated":true}]}}