{"id":104231,"date":"2022-10-15T13:17:26","date_gmt":"2022-10-15T11:17:26","guid":{"rendered":"https:\/\/trzynasty.pl\/?p=104231"},"modified":"2023-01-17T13:21:34","modified_gmt":"2023-01-17T12:21:34","slug":"roczne-szkolenie-strzeleckie-zaliczone","status":"publish","type":"post","link":"https:\/\/trzynasty.pl\/index.php\/2022\/10\/15\/roczne-szkolenie-strzeleckie-zaliczone\/","title":{"rendered":"ROCZNE SZKOLENIE STRZELECKIE ZALICZONE!"},"content":{"rendered":"<p>[vc_row][vc_column][vc_column_text uncode_shortcode_id=&#8221;546570&#8243;]<strong>ROCZNE SZKOLENIE STRZELECKIE ZALICZONE!<\/strong><\/p>\n<p><strong>\u00a0<\/strong><\/p>\n<p>W dniu dzisiejszym 15.10.2022 r. na strzelnicy Klubu Sportowego \u201e\u015aWIT\u201d w Starachowicach realizowane by\u0142o szkolenie ogniowe z broni strzeleckiej dla kadet\u00f3w Kieleckiego Szwadronu Kawalerii im.13. Pu\u0142ku U\u0142an\u00f3w Wile\u0144skich. Szkolenie obejmowa\u0142o strzelanie z karabinku AK. G\u0142\u00f3wnym \u0107wicz\u0105cym byli nowi kadeci Kieleckiego Szwadronu Kawalerii. Po om\u00f3wieniu obowi\u0105zkowych kwestii bezpiecze\u0144stwa oraz organizacji zaj\u0119\u0107, kadeci uczestnicz\u0105cy w zaj\u0119ciach pobrali amunicj\u0119 i ustawili si\u0119 na linii wyj\u015bciowej, czekaj\u0105c a\u017c padnie komenda do rozpocz\u0119cia strzelania. Na zako\u0144czenie szkolenia om\u00f3wiono najcz\u0119\u015bciej pope\u0142niane b\u0142\u0119dy i wymieniono si\u0119 spostrze\u017ceniami, w celu wyeliminowania ich w przysz\u0142o\u015bci. Szkolenie ogniowe odby\u0142o si\u0119 w ramach projektu &#8222;U\u0142ani Werbuj\u0105&#8221; dofinansowanego z Narodowego Instytutu Wolno\u015bci &#8211; Program Rozwoju Organizacji Obywatelskich 2021 -2022.[\/vc_column_text][vc_gallery el_id=&#8221;gallery-188905&#8243; medias=&#8221;104232,104233,104234,104235&#8243; gutter_size=&#8221;3&#8243; screen_lg=&#8221;1000&#8243; screen_md=&#8221;600&#8243; screen_sm=&#8221;480&#8243; single_overlay_opacity=&#8221;50&#8243; single_padding=&#8221;2&#8243; uncode_shortcode_id=&#8221;175256&#8243;][\/vc_column][\/vc_row]<\/p>\n","protected":false},"excerpt":{"rendered":"<p>[vc_row][vc_column][vc_column_text uncode_shortcode_id=&#8221;546570&#8243;]ROCZNE SZKOLENIE STRZELECKIE ZALICZONE! \u00a0 W dniu dzisiejszym 15.10.2022 r. na strzelnicy Klubu Sportowego \u201e\u015aWIT\u201d w Starachowicach realizowane by\u0142o [&hellip;]<\/p>\n","protected":false},"author":1,"featured_media":104232,"comment_status":"closed","ping_status":"closed","sticky":false,"template":"","format":"standard","meta":{"footnotes":""},"categories":[1],"tags":[],"class_list":["post-104231","post","type-post","status-publish","format-standard","has-post-thumbnail","hentry","category-bez-kategorii"],"_links":{"self":[{"href":"https:\/\/trzynasty.pl\/index.php\/wp-json\/wp\/v2\/posts\/104231","targetHints":{"allow":["GET"]}}],"collection":[{"href":"https:\/\/trzynasty.pl\/index.php\/wp-json\/wp\/v2\/posts"}],"about":[{"href":"https:\/\/trzynasty.pl\/index.php\/wp-json\/wp\/v2\/types\/post"}],"author":[{"embeddable":true,"href":"https:\/\/trzynasty.pl\/index.php\/wp-json\/wp\/v2\/users\/1"}],"replies":[{"embeddable":true,"href":"https:\/\/trzynasty.pl\/index.php\/wp-json\/wp\/v2\/comments?post=104231"}],"version-history":[{"count":2,"href":"https:\/\/trzynasty.pl\/index.php\/wp-json\/wp\/v2\/posts\/104231\/revisions"}],"predecessor-version":[{"id":104237,"href":"https:\/\/trzynasty.pl\/index.php\/wp-json\/wp\/v2\/posts\/104231\/revisions\/104237"}],"wp:featuredmedia":[{"embeddable":true,"href":"https:\/\/trzynasty.pl\/index.php\/wp-json\/wp\/v2\/media\/104232"}],"wp:attachment":[{"href":"https:\/\/trzynasty.pl\/index.php\/wp-json\/wp\/v2\/media?parent=104231"}],"wp:term":[{"taxonomy":"category","embeddable":true,"href":"https:\/\/trzynasty.pl\/index.php\/wp-json\/wp\/v2\/categories?post=104231"},{"taxonomy":"post_tag","embeddable":true,"href":"https:\/\/trzynasty.pl\/index.php\/wp-json\/wp\/v2\/tags?post=104231"}],"curies":[{"name":"wp","href":"https:\/\/api.w.org\/{rel}","templated":true}]}}