{"id":104219,"date":"2022-10-29T12:53:37","date_gmt":"2022-10-29T10:53:37","guid":{"rendered":"https:\/\/trzynasty.pl\/?p=104219"},"modified":"2023-01-17T13:01:41","modified_gmt":"2023-01-17T12:01:41","slug":"coroczne-szkolenie-pierwszej-pomocy-przedmedyczne","status":"publish","type":"post","link":"https:\/\/trzynasty.pl\/index.php\/2022\/10\/29\/coroczne-szkolenie-pierwszej-pomocy-przedmedyczne\/","title":{"rendered":"COROCZNE SZKOLENIE PIERWSZEJ POMOCY PRZEDMEDYCZNE"},"content":{"rendered":"<p>[vc_row][vc_column][vc_column_text uncode_shortcode_id=&#8221;175207&#8243;]<strong>COROCZNE SZKOLENIE PIERWSZEJ POMOCY PRZEDMEDYCZNE <\/strong><\/p>\n<p><strong>\u00a0<\/strong><\/p>\n<p>W dniu 29.10.2022 r. w Wojew\u00f3dzkim Domu Kultury im. J\u00f3zefa Pi\u0142sudskiego w Kielcach realizowane by\u0142o szkolenie z zakresu pierwszej pomocy przedmedycznej dla kadet\u00f3w Kieleckiego Ochotniczego Szwadronu Kawalerii im. 13. Pu\u0142ku U\u0142an\u00f3w Wile\u0144skich. Celem szkolenia by\u0142o podniesienie poziomu wiedzy i umiej\u0119tno\u015bci w zakresie udzielania pierwszej pomocy w razie wypadku, urazu, krwotoku oraz w celu ochrony \u017cycia lub zdrowia poszkodowanego. Zaj\u0119cia poprowadzi\u0142 wykwalifikowany ratownik medyczny Wodnego Pogotowia Ratunkowego w Kielcach. \u00a0Program \u0107wicze\u0144 obejmowa\u0142 wyk\u0142ad po\u0142\u0105czony z pokazem oraz praktyczne \u0107wiczenia w zakresie udzielania pierwszej pomocy przedmedycznej. Dzi\u0119ki realizacji zaj\u0119\u0107 uczestnicy szkolenia nabyli niezb\u0119dn\u0105 wiedz\u0119 i umiej\u0119tno\u015bci, konieczne w przypadku udzielania pierwszej pomocy.<\/p>\n<p>Szkolenie medyczne odby\u0142o si\u0119 w ramach projektu &#8222;U\u0142ani Werbuj\u0105&#8221; dofinansowanego z Narodowego Instytutu Wolno\u015bci &#8211; Program Rozwoju Organizacji Obywatelskich 2021 -2023[\/vc_column_text][vc_gallery el_id=&#8221;gallery-188905&#8243; medias=&#8221;104221,104222,104223,104224,104225,104226,104227&#8243; gutter_size=&#8221;3&#8243; screen_lg=&#8221;1000&#8243; screen_md=&#8221;600&#8243; screen_sm=&#8221;480&#8243; single_overlay_opacity=&#8221;50&#8243; single_padding=&#8221;2&#8243; uncode_shortcode_id=&#8221;130594&#8243;][\/vc_column][\/vc_row]<\/p>\n","protected":false},"excerpt":{"rendered":"<p>[vc_row][vc_column][vc_column_text uncode_shortcode_id=&#8221;175207&#8243;]COROCZNE SZKOLENIE PIERWSZEJ POMOCY PRZEDMEDYCZNE \u00a0 W dniu 29.10.2022 r. w Wojew\u00f3dzkim Domu Kultury im. J\u00f3zefa Pi\u0142sudskiego w Kielcach [&hellip;]<\/p>\n","protected":false},"author":1,"featured_media":104221,"comment_status":"closed","ping_status":"closed","sticky":false,"template":"","format":"standard","meta":{"footnotes":""},"categories":[1],"tags":[],"class_list":["post-104219","post","type-post","status-publish","format-standard","has-post-thumbnail","hentry","category-bez-kategorii"],"_links":{"self":[{"href":"https:\/\/trzynasty.pl\/index.php\/wp-json\/wp\/v2\/posts\/104219","targetHints":{"allow":["GET"]}}],"collection":[{"href":"https:\/\/trzynasty.pl\/index.php\/wp-json\/wp\/v2\/posts"}],"about":[{"href":"https:\/\/trzynasty.pl\/index.php\/wp-json\/wp\/v2\/types\/post"}],"author":[{"embeddable":true,"href":"https:\/\/trzynasty.pl\/index.php\/wp-json\/wp\/v2\/users\/1"}],"replies":[{"embeddable":true,"href":"https:\/\/trzynasty.pl\/index.php\/wp-json\/wp\/v2\/comments?post=104219"}],"version-history":[{"count":2,"href":"https:\/\/trzynasty.pl\/index.php\/wp-json\/wp\/v2\/posts\/104219\/revisions"}],"predecessor-version":[{"id":104228,"href":"https:\/\/trzynasty.pl\/index.php\/wp-json\/wp\/v2\/posts\/104219\/revisions\/104228"}],"wp:featuredmedia":[{"embeddable":true,"href":"https:\/\/trzynasty.pl\/index.php\/wp-json\/wp\/v2\/media\/104221"}],"wp:attachment":[{"href":"https:\/\/trzynasty.pl\/index.php\/wp-json\/wp\/v2\/media?parent=104219"}],"wp:term":[{"taxonomy":"category","embeddable":true,"href":"https:\/\/trzynasty.pl\/index.php\/wp-json\/wp\/v2\/categories?post=104219"},{"taxonomy":"post_tag","embeddable":true,"href":"https:\/\/trzynasty.pl\/index.php\/wp-json\/wp\/v2\/tags?post=104219"}],"curies":[{"name":"wp","href":"https:\/\/api.w.org\/{rel}","templated":true}]}}